{"id":33627,"date":"2021-02-01T13:05:03","date_gmt":"2021-02-01T16:05:03","guid":{"rendered":"http:\/\/www.sincomam.org.br\/?p=33627"},"modified":"2021-02-01T13:05:03","modified_gmt":"2021-02-01T16:05:03","slug":"diretor-de-governanca-da-petrobras-deixara-cargo-em-marco","status":"publish","type":"post","link":"https:\/\/www.sincomam.org.br\/index.php\/diretor-de-governanca-da-petrobras-deixara-cargo-em-marco\/","title":{"rendered":"Diretor de governan\u00e7a da Petrobras deixar\u00e1 cargo em mar\u00e7o"},"content":{"rendered":"<p><strong><em>Marcelo Zenkner usou como justificativa raz\u00f5es pessoais<\/em><\/strong><\/p>\n<p>O diretor executivo de Governan\u00e7a e Conformidade da Petrobras, Marcelo Zenkner, informou que n\u00e3o quer renovar seu mandato que se encerra em 20 de mar\u00e7o deste ano. Segundo nota divulgada pela estatal, Zenkner usou como justificativa raz\u00f5es pessoais.<\/p>\n<p>Agora a empresa iniciar\u00e1 um processo para escolha do novo diretor. A escolha ser\u00e1 feita pelo Conselho de Administra\u00e7\u00e3o da estatal, com base em uma lista tr\u00edplice de profissionais elaborada depois de uma sele\u00e7\u00e3o de nomes.<\/p>\n<p>A Diretoria Executiva de Governan\u00e7a e Conformidade \u00e9 uma das oito diretorias da empresa e foi criada em 2014, depois das den\u00fancias de corrup\u00e7\u00e3o na empresa apontadas por investiga\u00e7\u00f5es da Opera\u00e7\u00e3o Lava Jato.<\/p>\n<p>Fonte: Ag\u00eancia Brasil<\/p>\n","protected":false},"excerpt":{"rendered":"<p>Marcelo Zenkner usou como justificativa raz\u00f5es pessoais O diretor executivo de Governan\u00e7a e Conformidade da Petrobras, Marcelo Zenkner, informou que n\u00e3o quer renovar seu mandato&#8230;<\/p>\n","protected":false},"author":1182,"featured_media":28309,"comment_status":"closed","ping_status":"closed","sticky":false,"template":"","format":"standard","meta":{"footnotes":""},"categories":[6],"tags":[2881,1502,4304,704,58],"class_list":["post-33627","post","type-post","status-publish","format-standard","has-post-thumbnail","hentry","category-noticias","tag-cargo","tag-demissao","tag-governanca","tag-marco","tag-petrobras"],"_links":{"self":[{"href":"https:\/\/www.sincomam.org.br\/index.php\/wp-json\/wp\/v2\/posts\/33627","targetHints":{"allow":["GET"]}}],"collection":[{"href":"https:\/\/www.sincomam.org.br\/index.php\/wp-json\/wp\/v2\/posts"}],"about":[{"href":"https:\/\/www.sincomam.org.br\/index.php\/wp-json\/wp\/v2\/types\/post"}],"author":[{"embeddable":true,"href":"https:\/\/www.sincomam.org.br\/index.php\/wp-json\/wp\/v2\/users\/1182"}],"replies":[{"embeddable":true,"href":"https:\/\/www.sincomam.org.br\/index.php\/wp-json\/wp\/v2\/comments?post=33627"}],"version-history":[{"count":1,"href":"https:\/\/www.sincomam.org.br\/index.php\/wp-json\/wp\/v2\/posts\/33627\/revisions"}],"predecessor-version":[{"id":33628,"href":"https:\/\/www.sincomam.org.br\/index.php\/wp-json\/wp\/v2\/posts\/33627\/revisions\/33628"}],"wp:featuredmedia":[{"embeddable":true,"href":"https:\/\/www.sincomam.org.br\/index.php\/wp-json\/wp\/v2\/media\/28309"}],"wp:attachment":[{"href":"https:\/\/www.sincomam.org.br\/index.php\/wp-json\/wp\/v2\/media?parent=33627"}],"wp:term":[{"taxonomy":"category","embeddable":true,"href":"https:\/\/www.sincomam.org.br\/index.php\/wp-json\/wp\/v2\/categories?post=33627"},{"taxonomy":"post_tag","embeddable":true,"href":"https:\/\/www.sincomam.org.br\/index.php\/wp-json\/wp\/v2\/tags?post=33627"}],"curies":[{"name":"wp","href":"https:\/\/api.w.org\/{rel}","templated":true}]}}