{"id":33610,"date":"2021-01-29T11:05:25","date_gmt":"2021-01-29T14:05:25","guid":{"rendered":"http:\/\/www.sincomam.org.br\/?p=33610"},"modified":"2021-01-29T11:05:25","modified_gmt":"2021-01-29T14:05:25","slug":"antaq-atua-em-manaus-para-agilizar-o-desembarque-de-oxigenio","status":"publish","type":"post","link":"https:\/\/www.sincomam.org.br\/index.php\/antaq-atua-em-manaus-para-agilizar-o-desembarque-de-oxigenio\/","title":{"rendered":"ANTAQ atua em Manaus para agilizar o desembarque de oxig\u00eanio"},"content":{"rendered":"<p><strong><em>A\u00e7\u00e3o tem sido decisiva para que carregamentos cheguem \u00e0 capital no menor tempo poss\u00edvel e atendam \u00e0s pessoas internadas com Covid-19<\/em><\/strong><\/p>\n<p>A ANTAQ, por meio da Unidade Regional de Manaus (UREMN), informou que est\u00e1 auxiliando no transporte de oxig\u00eanio e materiais hospitalares para a regi\u00e3o do Amazonas. Segundo a Ag\u00eancia, as a\u00e7\u00f5es s\u00e3o fundamentais para que esses insumos estejam dispon\u00edveis para as pessoas que est\u00e3o internadas em virtude da Covid-19.<\/p>\n<p>\u201cO Minist\u00e9rio da Infraestrutura, em apoio ao Minist\u00e9rio da Sa\u00fade, implementou uma rota emergencial pela BR-319 (Porto Velho-Manaus). Nela, h\u00e1 dois servi\u00e7os de travessia que a ANTAQ regula: Igap\u00f3-A\u00e7u \u2013 Manaus e Careiro-Manaus\u201d, disse \u00e0 Ag\u00eancia, em publica\u00e7\u00e3o no site.<\/p>\n<p>A atua\u00e7\u00e3o dos servidores, que <em>est\u00e3o in loco<\/em>, tem sido decisiva para que as travessias sejam realizadas no menor tempo poss\u00edvel.<\/p>\n<p>O chefe substituto da UREMN, Luiz Carlos de Souza, explicou que a autoriza\u00e7\u00e3o de dois prestadores de servi\u00e7os em opera\u00e7\u00e3o simultaneamente, de forma excepcional, reduziu o tempo de travessia.<\/p>\n<p><em>\u201cHouve, no dia 23 de janeiro, um comboio de sete carretas e oito ve\u00edculos de apoio. A opera\u00e7\u00e3o se iniciou \u00e0s 21h30, tendo sido conclu\u00edda a 0h10, do dia 24, levando apenas 2h40 de dura\u00e7\u00e3o. Foram sete caminh\u00f5es transportando oxig\u00eanio l\u00edquido, totalizando 190 mil metros c\u00fabicos. Esta quantidade \u00e9 suficiente para abastecer Manaus por dois dias\u201d, informou Souza.<\/em><\/p>\n<p>Fonte: Antaq\/ Foto: divulga\u00e7\u00e3o<\/p>\n","protected":false},"excerpt":{"rendered":"<p>A\u00e7\u00e3o tem sido decisiva para que carregamentos cheguem \u00e0 capital no menor tempo poss\u00edvel e atendam \u00e0s pessoas internadas com Covid-19 A ANTAQ, por meio&#8230;<\/p>\n","protected":false},"author":1182,"featured_media":33611,"comment_status":"closed","ping_status":"closed","sticky":false,"template":"","format":"standard","meta":{"footnotes":""},"categories":[6],"tags":[301,2751,883,474,4285],"class_list":["post-33610","post","type-post","status-publish","format-standard","has-post-thumbnail","hentry","category-noticias","tag-antaq","tag-covid-19","tag-desembarque","tag-manaus","tag-oxigenio"],"_links":{"self":[{"href":"https:\/\/www.sincomam.org.br\/index.php\/wp-json\/wp\/v2\/posts\/33610","targetHints":{"allow":["GET"]}}],"collection":[{"href":"https:\/\/www.sincomam.org.br\/index.php\/wp-json\/wp\/v2\/posts"}],"about":[{"href":"https:\/\/www.sincomam.org.br\/index.php\/wp-json\/wp\/v2\/types\/post"}],"author":[{"embeddable":true,"href":"https:\/\/www.sincomam.org.br\/index.php\/wp-json\/wp\/v2\/users\/1182"}],"replies":[{"embeddable":true,"href":"https:\/\/www.sincomam.org.br\/index.php\/wp-json\/wp\/v2\/comments?post=33610"}],"version-history":[{"count":1,"href":"https:\/\/www.sincomam.org.br\/index.php\/wp-json\/wp\/v2\/posts\/33610\/revisions"}],"predecessor-version":[{"id":33612,"href":"https:\/\/www.sincomam.org.br\/index.php\/wp-json\/wp\/v2\/posts\/33610\/revisions\/33612"}],"wp:featuredmedia":[{"embeddable":true,"href":"https:\/\/www.sincomam.org.br\/index.php\/wp-json\/wp\/v2\/media\/33611"}],"wp:attachment":[{"href":"https:\/\/www.sincomam.org.br\/index.php\/wp-json\/wp\/v2\/media?parent=33610"}],"wp:term":[{"taxonomy":"category","embeddable":true,"href":"https:\/\/www.sincomam.org.br\/index.php\/wp-json\/wp\/v2\/categories?post=33610"},{"taxonomy":"post_tag","embeddable":true,"href":"https:\/\/www.sincomam.org.br\/index.php\/wp-json\/wp\/v2\/tags?post=33610"}],"curies":[{"name":"wp","href":"https:\/\/api.w.org\/{rel}","templated":true}]}}