{"id":33601,"date":"2021-01-28T11:40:36","date_gmt":"2021-01-28T14:40:36","guid":{"rendered":"http:\/\/www.sincomam.org.br\/?p=33601"},"modified":"2021-01-28T11:40:36","modified_gmt":"2021-01-28T14:40:36","slug":"reaquecimento-do-setor-naval-esta-na-mira-de-acoes-do-conleste-em-2021","status":"publish","type":"post","link":"https:\/\/www.sincomam.org.br\/index.php\/reaquecimento-do-setor-naval-esta-na-mira-de-acoes-do-conleste-em-2021\/","title":{"rendered":"Reaquecimento do setor naval est\u00e1 na mira de a\u00e7\u00f5es do Conleste em 2021"},"content":{"rendered":"<p><strong><em>Esse \u00e9 um dos temas que o cons\u00f3rcio pretende potencializar, como forma de gerar empregos e melhorar a economia de toda a regi\u00e3o<\/em><\/strong><\/p>\n<p>O prefeito de S\u00e3o Gon\u00e7alo (RJ), Capit\u00e3o Nelson participou da primeira Assembleia Geral Extraordin\u00e1ria do Conleste (Cons\u00f3rcio Intermunicipal de Desenvolvimento do Leste Fluminense), realizada na segunda-feira (25), no Pal\u00e1cio Guanabara, sede do governo estadual, no Rio.<\/p>\n<p>A reuni\u00e3o contou com 12 dos 16 prefeitos que fazem parte do cons\u00f3rcio. A reativa\u00e7\u00e3o dos estaleiros gon\u00e7alenses entrou em pauta no encontro. Esse \u00e9 um dos temas que o cons\u00f3rcio pretende potencializar, como forma de gerar empregos e melhorar a economia de toda a regi\u00e3o.<\/p>\n<p>Durante o encontro, o prefeito de S\u00e3o Gon\u00e7alo conversou com o atual presidente do cons\u00f3rcio, Dr. Sadinoel,ex-prefeito de Itabora\u00ed,. Na pauta, propostas para alavancar a economia do munic\u00edpio. \u201cSadinoel veio me passar algumas orienta\u00e7\u00f5es e dividir sua experi\u00eancia. \u00c9 importante ter essa troca de ideias. \u00c9 isso que acontece no Conleste, especialmente em prol do desenvolvimento da nossa regi\u00e3o\u201d, avaliou Capit\u00e3o Nelson.<\/p>\n<p>A elei\u00e7\u00e3o do novo presidente do Conleste foi adiada por 60 dias. Os prefeitos aproveitaram o encontro para alinhar estrat\u00e9gias para os pr\u00f3ximos anos. Durante a reuni\u00e3o, tamb\u00e9m foram apresentados os resultados do bi\u00eanio 19\/20 e o planejamento para 20\/21. Fazem parte do Conleste: Araruama, Cabo Frio, Cachoeiras de Macacu, Casimiro de Abreu, Guapimirim, Itabora\u00ed, Mag\u00e9, Maric\u00e1, Niter\u00f3i, Nova Friburgo, Rio Bonito, S\u00e3o Gon\u00e7alo, Saquarema, Silva Jardim, Tangu\u00e1 e Teres\u00f3polis.<\/p>\n<p>Fonte: O Dia \/ Foto: divulga\u00e7\u00e3o<\/p>\n","protected":false},"excerpt":{"rendered":"<p>Esse \u00e9 um dos temas que o cons\u00f3rcio pretende potencializar, como forma de gerar empregos e melhorar a economia de toda a regi\u00e3o O prefeito&#8230;<\/p>\n","protected":false},"author":1182,"featured_media":33602,"comment_status":"closed","ping_status":"closed","sticky":false,"template":"","format":"standard","meta":{"footnotes":""},"categories":[6],"tags":[68,67,4299,59],"class_list":["post-33601","post","type-post","status-publish","format-standard","has-post-thumbnail","hentry","category-noticias","tag-industria","tag-naval","tag-reaquecimento","tag-rio-de-janeiro"],"_links":{"self":[{"href":"https:\/\/www.sincomam.org.br\/index.php\/wp-json\/wp\/v2\/posts\/33601","targetHints":{"allow":["GET"]}}],"collection":[{"href":"https:\/\/www.sincomam.org.br\/index.php\/wp-json\/wp\/v2\/posts"}],"about":[{"href":"https:\/\/www.sincomam.org.br\/index.php\/wp-json\/wp\/v2\/types\/post"}],"author":[{"embeddable":true,"href":"https:\/\/www.sincomam.org.br\/index.php\/wp-json\/wp\/v2\/users\/1182"}],"replies":[{"embeddable":true,"href":"https:\/\/www.sincomam.org.br\/index.php\/wp-json\/wp\/v2\/comments?post=33601"}],"version-history":[{"count":1,"href":"https:\/\/www.sincomam.org.br\/index.php\/wp-json\/wp\/v2\/posts\/33601\/revisions"}],"predecessor-version":[{"id":33603,"href":"https:\/\/www.sincomam.org.br\/index.php\/wp-json\/wp\/v2\/posts\/33601\/revisions\/33603"}],"wp:featuredmedia":[{"embeddable":true,"href":"https:\/\/www.sincomam.org.br\/index.php\/wp-json\/wp\/v2\/media\/33602"}],"wp:attachment":[{"href":"https:\/\/www.sincomam.org.br\/index.php\/wp-json\/wp\/v2\/media?parent=33601"}],"wp:term":[{"taxonomy":"category","embeddable":true,"href":"https:\/\/www.sincomam.org.br\/index.php\/wp-json\/wp\/v2\/categories?post=33601"},{"taxonomy":"post_tag","embeddable":true,"href":"https:\/\/www.sincomam.org.br\/index.php\/wp-json\/wp\/v2\/tags?post=33601"}],"curies":[{"name":"wp","href":"https:\/\/api.w.org\/{rel}","templated":true}]}}