{"id":33592,"date":"2021-01-28T11:14:03","date_gmt":"2021-01-28T14:14:03","guid":{"rendered":"http:\/\/www.sincomam.org.br\/?p=33592"},"modified":"2021-01-28T11:18:06","modified_gmt":"2021-01-28T14:18:06","slug":"portugal-reino-unido-e-peru-sao-alguns-dos-paises-que-suspenderam-voos-com-o-brasil","status":"publish","type":"post","link":"https:\/\/www.sincomam.org.br\/index.php\/portugal-reino-unido-e-peru-sao-alguns-dos-paises-que-suspenderam-voos-com-o-brasil\/","title":{"rendered":"Portugal, Reino Unido e Peru s\u00e3o alguns dos pa\u00edses que suspenderam voos com o Brasil"},"content":{"rendered":"<p><em><strong>Lista \u00e9 composta por Portugal, Reino Unido, It\u00e1lia, Peru, Col\u00f4mbia, Turquia, Israel e \u00c1frica do Sul, al\u00e9m de outros pa\u00edses, que mant\u00eam fortes restri\u00e7\u00f5es de passageiros devido \u00e0 variante do Covid-19<\/strong><\/em><\/p>\n<p>Variantes do coronav\u00edrus SARS-CoV-2 t\u00eam levado pa\u00edses a restringir voos oriundos de onde essas varia\u00e7\u00f5es est\u00e3o sendo registradas, como o Brasil e o Reino Unido. Col\u00f4mbia, Alemanha e Portugal anunciaram recentemente a restri\u00e7\u00e3o de voos internacionais.\u00a0 As viagens a turismo de brasileiros est\u00e3o proibidas na maioria dos pa\u00edses europeus.<\/p>\n<p>A Latam Brasil informou que suspendeu temporariamente o voo S\u00e3o Paulo-Lisboa, devido \u00e0 determina\u00e7\u00e3o do governo portugu\u00eas cancelar a liga\u00e7\u00e3o a\u00e9rea entre o pa\u00eds europeu e o Brasil entre 29 de janeiro e 14 de fevereiro. A empresa comunicou que a retomada dos voos acontecer\u00e1 t\u00e3o logo as autoridades portuguesas liberem a liga\u00e7\u00e3o a\u00e9rea. O mesmo acontecer\u00e1 com os voos entre Peru e Portugal.<\/p>\n<p><strong>Col\u00f4mbia<\/strong><\/p>\n<p>O governo da Col\u00f4mbia vai suspender, a partir de amanh\u00e3 (29), oor 30 dias, os voos de e para o Brasil, como medida preventiva perante a variante do novo coronav\u00edrus oriunda do pa\u00eds. Em dezembro, as autoridades colombianas j\u00e1 haviam suspendido os voos de e para o Reino Unido, ap\u00f3s identificar no pa\u00eds de uma outra variante do coronav\u00edrus.<\/p>\n<p>&#8220;Como medida preventiva e por um per\u00edodo de 30 dias, enquanto s\u00e3o feitas todas as an\u00e1lises, s\u00e3o suspensos os voos da Col\u00f4mbia para o Brasil ou do Brasil para a Col\u00f4mbia&#8221;, a partir de sexta-feira, anunciou o presidente colombiano, Iv\u00e1n Duque, em um programa de televis\u00e3o no qual relata diariamente as medidas do governo para combater a pandemia.<\/p>\n<p>A medida ser\u00e1 aplicada apenas ao transporte de passageiros e n\u00e3o de cargas, que continuar\u00e1 como at\u00e9 aqui, com o cumprimento de todos os protocolos de biosseguran\u00e7a.<\/p>\n<p><strong>Portugal<\/strong><\/p>\n<p>Tamb\u00e9m a partir desta sexta-feira est\u00e3o suspensos os voos entre Brasil e Portugal. A suspens\u00e3o vai at\u00e9 o dia 14 de fevereiro. Em nota, o Minist\u00e9rio das Rela\u00e7\u00f5es Exteriores do Brasil informou que o chanceler brasileiro, Ernesto Ara\u00fajo, conversou ontem com o ministro dos Neg\u00f3cios Estrangeiros de Portugal, Augusto Santos Silva, e que a decis\u00e3o de Portugal &#8220;se d\u00e1 como resposta ao aumento do n\u00famero de casos de covid-19 naquele pa\u00eds e n\u00e3o em fun\u00e7\u00e3o da situa\u00e7\u00e3o no Brasil&#8221;.<\/p>\n<p><strong>Alemanha<\/strong><\/p>\n<p>J\u00e1 a Alemanha proibiu a entrada em seu territ\u00f3rio de viajantes de Portugal, do Reino Unido, da \u00c1frica do Sul e do Brasil. A informa\u00e7\u00e3o foi confirmada hoje pelo ministro do Interior do pa\u00eds, Horst Seehofer. Segundo ele, a restri\u00e7\u00e3o tamb\u00e9m se deve \u00e0s muta\u00e7\u00f5es do novo coronav\u00edrus.<\/p>\n<p>&#8220;Neste momento, estamos na fase de coordena\u00e7\u00e3o entre os minist\u00e9rios para proibirmos a entrada de [pessoas provenientes] destes pa\u00edses. Quero dizer, de regi\u00f5es onde se apresentam as muta\u00e7\u00f5es [do SARS-CoV-2], disse o ministro antes da reuni\u00e3o informal dos ministros do Interior da Uni\u00e3o Europeia que ocorrer\u00e1 hoje atrav\u00e9s de v\u00eddeoconfer\u00eancia&#8221;.<\/p>\n<p>Seehofer admite que a lista de quatro pa\u00edses pode ser ampliada nas pr\u00f3ximas semanas.<\/p>\n<p>No domingo (24), entraram em vigor na Alemanha restri\u00e7\u00f5es \u00e0 entrada no pa\u00eds de viajantes provenientes de zonas de &#8220;alta incid\u00eancia acumulada&#8221; em sete dias: superior a 200 casos por 100 mil habitantes.<\/p>\n<p>Desses pa\u00edses j\u00e1 fazem parte cerca de 20 Estados, entre os quais, Portugal, Espanha, Rep\u00fablica Checa, Bol\u00edvia e Col\u00f4mbia.<\/p>\n<p><strong>Turquia<\/strong><\/p>\n<p>Na semana passada, o ministro da Sa\u00fade da Turquia, Fahrettin Koca, anunciou a suspens\u00e3o tempor\u00e1ria de voos do Brasil, tamb\u00e9m devido ao aumento de casos da nova variante do coronav\u00edrus.<\/p>\n<p>Ancara j\u00e1 havia suspendido voos do Reino Unido, Dinamarca e \u00c1frica do Sul devido \u00e0 nova variante.<\/p>\n<p>Fonte: Ag\u00eancia Brasil \/ Foto: divulga\u00e7\u00e3o LATAM<\/p>\n","protected":false},"excerpt":{"rendered":"<p>Lista \u00e9 composta por Portugal, Reino Unido, It\u00e1lia, Peru, Col\u00f4mbia, Turquia, Israel e \u00c1frica do Sul, al\u00e9m de outros pa\u00edses, que mant\u00eam fortes restri\u00e7\u00f5es de&#8230;<\/p>\n","protected":false},"author":1182,"featured_media":33593,"comment_status":"closed","ping_status":"closed","sticky":false,"template":"","format":"standard","meta":{"footnotes":""},"categories":[6],"tags":[2910,61,2985,1112,2752,2751,644,209,2755,4297,4296,3835,1241,4298,4295],"class_list":["post-33592","post","type-post","status-publish","format-standard","has-post-thumbnail","hentry","category-noticias","tag-africa-do-sul","tag-brasil","tag-brasileiro","tag-colombia","tag-coronavirus","tag-covid-19","tag-israel","tag-italia","tag-pandemia","tag-peru","tag-portugal","tag-reino-unido","tag-turismo","tag-turquia","tag-voos"],"_links":{"self":[{"href":"https:\/\/www.sincomam.org.br\/index.php\/wp-json\/wp\/v2\/posts\/33592","targetHints":{"allow":["GET"]}}],"collection":[{"href":"https:\/\/www.sincomam.org.br\/index.php\/wp-json\/wp\/v2\/posts"}],"about":[{"href":"https:\/\/www.sincomam.org.br\/index.php\/wp-json\/wp\/v2\/types\/post"}],"author":[{"embeddable":true,"href":"https:\/\/www.sincomam.org.br\/index.php\/wp-json\/wp\/v2\/users\/1182"}],"replies":[{"embeddable":true,"href":"https:\/\/www.sincomam.org.br\/index.php\/wp-json\/wp\/v2\/comments?post=33592"}],"version-history":[{"count":4,"href":"https:\/\/www.sincomam.org.br\/index.php\/wp-json\/wp\/v2\/posts\/33592\/revisions"}],"predecessor-version":[{"id":33597,"href":"https:\/\/www.sincomam.org.br\/index.php\/wp-json\/wp\/v2\/posts\/33592\/revisions\/33597"}],"wp:featuredmedia":[{"embeddable":true,"href":"https:\/\/www.sincomam.org.br\/index.php\/wp-json\/wp\/v2\/media\/33593"}],"wp:attachment":[{"href":"https:\/\/www.sincomam.org.br\/index.php\/wp-json\/wp\/v2\/media?parent=33592"}],"wp:term":[{"taxonomy":"category","embeddable":true,"href":"https:\/\/www.sincomam.org.br\/index.php\/wp-json\/wp\/v2\/categories?post=33592"},{"taxonomy":"post_tag","embeddable":true,"href":"https:\/\/www.sincomam.org.br\/index.php\/wp-json\/wp\/v2\/tags?post=33592"}],"curies":[{"name":"wp","href":"https:\/\/api.w.org\/{rel}","templated":true}]}}