{"id":33588,"date":"2021-01-28T10:45:55","date_gmt":"2021-01-28T13:45:55","guid":{"rendered":"http:\/\/www.sincomam.org.br\/?p=33588"},"modified":"2021-01-28T10:46:51","modified_gmt":"2021-01-28T13:46:51","slug":"petroleiros-declaram-apoio-a-greve-prometida-pelos-caminhoneiros","status":"publish","type":"post","link":"https:\/\/www.sincomam.org.br\/index.php\/petroleiros-declaram-apoio-a-greve-prometida-pelos-caminhoneiros\/","title":{"rendered":"Petroleiros declaram apoio a greve prometida pelos caminhoneiros"},"content":{"rendered":"<p><strong><em>A mobiliza\u00e7\u00e3o est\u00e1 prevista para acontecer a partir de 1\u00ba de fevereiro, motivada pelo aumento no combust\u00edvel<\/em><\/strong><\/p>\n<p>A Federa\u00e7\u00e3o \u00danica dos Petroleiros, representa\u00e7\u00e3o de sindicatos da categoria, anunciou apoio \u00e0 greve dos caminhoneiros programada para a pr\u00f3xima segunda-feira, dia 1\u00ba de fevereiro.<\/p>\n<p>A paralisa\u00e7\u00e3o de profissionais do setor tem como principal motiva\u00e7\u00e3o o aumento no valor dos combust\u00edveis. A partir desta quarta-feira 27, conforme anunciado pela Petrobras, haver\u00e1 eleva\u00e7\u00e3o de 5% no pre\u00e7o da gasolina, chegando a 2,08 reais por litro, e de 4,4% para o diesel, o que soma 2,12 reais por litro.<\/p>\n<p>Os novos valores dizem respeito \u00e0 venda das refinarias \u00e0s distribuidoras e n\u00e3o equivalem ao pre\u00e7o pago pelo consumidor final.<\/p>\n<p><em>\u201cO apoio dos petroleiros ter\u00e1 a\u00e7\u00f5es localizadas em todo o Pa\u00eds, unindo o protesto com solidariedade pelo momento dif\u00edcil em que o Brasil se encontra, com altas taxas de desemprego e perda de renda\u201d, diz a entidade em nota divulgada na ter\u00e7a-feira 26.<\/em><\/p>\n<p><em>\u201cA pauta dos caminhoneiros cont\u00e9m dez itens, mas a principal reivindica\u00e7\u00e3o, e que tem total apoio dos petroleiros, \u00e9 a alta no valor dos combust\u00edveis, considerada abusiva\u201d, complementam. <\/em><\/p>\n<p>Com data para come\u00e7ar e sem data para terminar, a expectativa \u00e9 que a greve possa superar \u00e0 de 2018 em decorr\u00eancia da maior conscientiza\u00e7\u00e3o da categoria e da popula\u00e7\u00e3o sobre as pautas envolvidas e os efeitos para toda sociedade.<\/p>\n<p>Fonte: Carta Capital \/ Foto : FUP<\/p>\n<p><strong>Leia tamb\u00e9m: <a href=\"https:\/\/www.sincomam.org.br\/index.php\/sem-resposta-do-governo-caminhoneiros-mantem-paralisacao-no-dia-1-de-fevereiro\/\" target=\"_blank\" rel=\"noopener noreferrer\">Aumento do diesel refor\u00e7a a greve dos caminhoneiros em 1 de fevereiro<\/a><\/strong><\/p>\n","protected":false},"excerpt":{"rendered":"<p>A mobiliza\u00e7\u00e3o est\u00e1 prevista para acontecer a partir de 1\u00ba de fevereiro, motivada pelo aumento no combust\u00edvel A Federa\u00e7\u00e3o \u00danica dos Petroleiros, representa\u00e7\u00e3o de sindicatos&#8230;<\/p>\n","protected":false},"author":1182,"featured_media":33589,"comment_status":"closed","ping_status":"closed","sticky":false,"template":"","format":"standard","meta":{"footnotes":""},"categories":[6],"tags":[405,61,2935,111,956,572,765,244,58,247,2948,392,108],"class_list":["post-33588","post","type-post","status-publish","format-standard","has-post-thumbnail","hentry","category-noticias","tag-aumento","tag-brasil","tag-caminhoneiros","tag-diesel","tag-distribuicao","tag-fevereiro","tag-gasolina","tag-greve","tag-petrobras","tag-petroleiros","tag-posto","tag-reajuste","tag-refinaria"],"_links":{"self":[{"href":"https:\/\/www.sincomam.org.br\/index.php\/wp-json\/wp\/v2\/posts\/33588","targetHints":{"allow":["GET"]}}],"collection":[{"href":"https:\/\/www.sincomam.org.br\/index.php\/wp-json\/wp\/v2\/posts"}],"about":[{"href":"https:\/\/www.sincomam.org.br\/index.php\/wp-json\/wp\/v2\/types\/post"}],"author":[{"embeddable":true,"href":"https:\/\/www.sincomam.org.br\/index.php\/wp-json\/wp\/v2\/users\/1182"}],"replies":[{"embeddable":true,"href":"https:\/\/www.sincomam.org.br\/index.php\/wp-json\/wp\/v2\/comments?post=33588"}],"version-history":[{"count":2,"href":"https:\/\/www.sincomam.org.br\/index.php\/wp-json\/wp\/v2\/posts\/33588\/revisions"}],"predecessor-version":[{"id":33591,"href":"https:\/\/www.sincomam.org.br\/index.php\/wp-json\/wp\/v2\/posts\/33588\/revisions\/33591"}],"wp:featuredmedia":[{"embeddable":true,"href":"https:\/\/www.sincomam.org.br\/index.php\/wp-json\/wp\/v2\/media\/33589"}],"wp:attachment":[{"href":"https:\/\/www.sincomam.org.br\/index.php\/wp-json\/wp\/v2\/media?parent=33588"}],"wp:term":[{"taxonomy":"category","embeddable":true,"href":"https:\/\/www.sincomam.org.br\/index.php\/wp-json\/wp\/v2\/categories?post=33588"},{"taxonomy":"post_tag","embeddable":true,"href":"https:\/\/www.sincomam.org.br\/index.php\/wp-json\/wp\/v2\/tags?post=33588"}],"curies":[{"name":"wp","href":"https:\/\/api.w.org\/{rel}","templated":true}]}}