{"id":33586,"date":"2021-01-28T10:28:53","date_gmt":"2021-01-28T13:28:53","guid":{"rendered":"http:\/\/www.sincomam.org.br\/?p=33586"},"modified":"2021-01-28T10:28:53","modified_gmt":"2021-01-28T13:28:53","slug":"projeto-visa-prorrogar-o-auxilio-emergencial-ate-junho-de-2021","status":"publish","type":"post","link":"https:\/\/www.sincomam.org.br\/index.php\/projeto-visa-prorrogar-o-auxilio-emergencial-ate-junho-de-2021\/","title":{"rendered":"Projeto visa prorrogar o aux\u00edlio emergencial at\u00e9 junho de 2021"},"content":{"rendered":"<p><strong><em>Texto tamb\u00e9m estende estado de calamidade p\u00fablica em decorr\u00eancia da pandemia de Covid-19<\/em><\/strong><\/p>\n<p>O Projeto de Lei 5514\/20 institui, at\u00e9 30 de junho de 2021, o chamado \u201caux\u00edlio emergencial consecutivo\u201d, a ser pago em at\u00e9 seis parcelas mensais de R$ 600 ao trabalhador informal em virtude da pandemia de Covid-19. O texto tramita na C\u00e2mara dos Deputados.<\/p>\n<p>Autor da proposta, o deputado F\u00e1bio Henrique (PDT-SE) afirma que o intuito \u00e9 impedir que milh\u00f5es de brasileiros atendidos pelo aux\u00edlio emergencial da Lei 13.982\/20 e o aux\u00edlio residual (de R$ 300) venham a ficar totalmente desassistidos. Com exce\u00e7\u00e3o dos lotes residuais, o aux\u00edlio emergencial foi extinto oficialmente em janeiro de 2021.<\/p>\n<p>Pelo projeto, os benefici\u00e1rios dever\u00e3o atender aos requisitos da legisla\u00e7\u00e3o que criou o aux\u00edlio original.<\/p>\n<p>N\u00e3o ter\u00e3o direito ao aux\u00edlio consecutivo: quem tiver conseguido emprego formal ap\u00f3s recebimento de parcelas anteriores; os trabalhadores que tenham obtido benef\u00edcio previdenci\u00e1rio ou assistencial, seguro-desemprego ou de programa de transfer\u00eancia de renda federal (exceto Bolsa Fam\u00edlia) nesse per\u00edodo; e os que passaram a possuir renda familiar mensal per capita acima de meio sal\u00e1rio m\u00ednimo e renda familiar mensal total superior a tr\u00eas sal\u00e1rios m\u00ednimos; entre outras hip\u00f3teses.<\/p>\n<p>O recebimento do aux\u00edlio emergencial consecutivo ser\u00e1 limitado a duas cotas por fam\u00edlia. A mulher chefe de fam\u00edlia ter\u00e1 direito a receber parcelas mensais de R$ 1,2 mil.<\/p>\n<p><strong>Bolsa Fam\u00edlia<\/strong><\/p>\n<p>O valor do aux\u00edlio devido \u00e0 fam\u00edlia benefici\u00e1ria do Bolsa Fam\u00edlia ser\u00e1 calculado pela diferen\u00e7a entre o valor total previsto a t\u00edtulo do aux\u00edlio emergencial consecutivo e o valor previsto na soma dos benef\u00edcios financeiros estabelecidos pela Lei do Bolsa Fam\u00edlia.<\/p>\n<p>Caso o montante direcionado \u00e0 fam\u00edlia pelo programa assistencial seja maior ou igual ao valor do aux\u00edlio consecutivo, ser\u00e3o pagos apenas os benef\u00edcios do Bolsa Fam\u00edlia.<\/p>\n<p><strong>Estado de calamidade<\/strong><\/p>\n<p>A proposta tamb\u00e9m prorroga at\u00e9 30 de junho de 2021 o estado de calamidade p\u00fablica previsto no Decreto Legislativo 6\/20, por conta da continuidade da emerg\u00eancia de sa\u00fade p\u00fablica relacionada ao novo coronav\u00edrus.<\/p>\n<p>Fonte: Ag\u00eancia C\u00e2mara de Not\u00edcias<\/p>\n","protected":false},"excerpt":{"rendered":"<p>Texto tamb\u00e9m estende estado de calamidade p\u00fablica em decorr\u00eancia da pandemia de Covid-19 O Projeto de Lei 5514\/20 institui, at\u00e9 30 de junho de 2021,&#8230;<\/p>\n","protected":false},"author":1182,"featured_media":29243,"comment_status":"closed","ping_status":"closed","sticky":false,"template":"","format":"standard","meta":{"footnotes":""},"categories":[6],"tags":[1757,1061,61,2752,2751,856,432,1001,204,367,1654],"class_list":["post-33586","post","type-post","status-publish","format-standard","has-post-thumbnail","hentry","category-noticias","tag-auxilio","tag-bolsa-familia","tag-brasil","tag-coronavirus","tag-covid-19","tag-economia","tag-emergencial","tag-lei","tag-pagamento","tag-projeto","tag-prorrogacao"],"_links":{"self":[{"href":"https:\/\/www.sincomam.org.br\/index.php\/wp-json\/wp\/v2\/posts\/33586","targetHints":{"allow":["GET"]}}],"collection":[{"href":"https:\/\/www.sincomam.org.br\/index.php\/wp-json\/wp\/v2\/posts"}],"about":[{"href":"https:\/\/www.sincomam.org.br\/index.php\/wp-json\/wp\/v2\/types\/post"}],"author":[{"embeddable":true,"href":"https:\/\/www.sincomam.org.br\/index.php\/wp-json\/wp\/v2\/users\/1182"}],"replies":[{"embeddable":true,"href":"https:\/\/www.sincomam.org.br\/index.php\/wp-json\/wp\/v2\/comments?post=33586"}],"version-history":[{"count":1,"href":"https:\/\/www.sincomam.org.br\/index.php\/wp-json\/wp\/v2\/posts\/33586\/revisions"}],"predecessor-version":[{"id":33587,"href":"https:\/\/www.sincomam.org.br\/index.php\/wp-json\/wp\/v2\/posts\/33586\/revisions\/33587"}],"wp:featuredmedia":[{"embeddable":true,"href":"https:\/\/www.sincomam.org.br\/index.php\/wp-json\/wp\/v2\/media\/29243"}],"wp:attachment":[{"href":"https:\/\/www.sincomam.org.br\/index.php\/wp-json\/wp\/v2\/media?parent=33586"}],"wp:term":[{"taxonomy":"category","embeddable":true,"href":"https:\/\/www.sincomam.org.br\/index.php\/wp-json\/wp\/v2\/categories?post=33586"},{"taxonomy":"post_tag","embeddable":true,"href":"https:\/\/www.sincomam.org.br\/index.php\/wp-json\/wp\/v2\/tags?post=33586"}],"curies":[{"name":"wp","href":"https:\/\/api.w.org\/{rel}","templated":true}]}}