{"id":33583,"date":"2021-01-28T09:54:29","date_gmt":"2021-01-28T12:54:29","guid":{"rendered":"http:\/\/www.sincomam.org.br\/?p=33583"},"modified":"2021-01-28T09:54:29","modified_gmt":"2021-01-28T12:54:29","slug":"desemprego-tem-segunda-queda-seguida-e-fica-em-141-no-trimestre-terminado-em-novembro-aponta-ibge","status":"publish","type":"post","link":"https:\/\/www.sincomam.org.br\/index.php\/desemprego-tem-segunda-queda-seguida-e-fica-em-141-no-trimestre-terminado-em-novembro-aponta-ibge\/","title":{"rendered":"Desemprego tem segunda queda seguida e fica em 14,1% no trimestre terminado em novembro, aponta IBGE"},"content":{"rendered":"<p><strong><em>Apesar do recuo da taxa, cerca de 14 milh\u00f5es de brasileiros permaneciam desempregados<\/em><\/strong><\/p>\n<p>O desemprego no Brasil teve a segunda queda seguida em 2020, ficando em 14,1% no trimestre encerrado em novembro, apontam os dados divulgados nesta quinta-feira (28) pelo Instituto Brasileiro de Geografia e Estat\u00edstica (IBGE). No entanto, ele ainda atingia cerca de 14 milh\u00f5es de brasileiros.<\/p>\n<p>Na pesquisa anterior, referente ao trimestre encerrado em outubro, a taxa de desemprego havia apresentado o primeiro recuo do ano, ficando em 14,3%, 0,6 ponto percentual (p.p.) a menos que no trimestre terminado em setembro.<\/p>\n<p>De acordo com o IBGE, a taxa de 14,1% foi a mais alta para um trimestre terminado em novembro desde o in\u00edcio da s\u00e9rie hist\u00f3rica da pesquisa, em 2012. Na compara\u00e7\u00e3o com o mesmo trimestre de 2019, quando a taxa ficou em 11,2%, houve aumento de 2,9 p.p. do indicador.<\/p>\n<p><strong>Retorno ao mercado de trabalho<\/strong><\/p>\n<p>O n\u00famero de desempregados variou pouco na compara\u00e7\u00e3o com o trimestre terminado em outubro &#8211; cerca de 100 mil a menos. J\u00e1 na compara\u00e7\u00e3o com igual trimestre do ano anterior, essa popula\u00e7\u00e3o aumentou em cerca de 2,2 milh\u00f5es de pessoas. O que explicaria o recuo da taxa \u00e9 o aumento do n\u00famero de pessoas ocupadas.<\/p>\n<p>Segundo o IBGE, entre agosto e novembro, cerca de 3,9 milh\u00f5es de brasileiros conseguiram uma ocupa\u00e7\u00e3o no mercado de trabalho, um aumento de 4,8% nesse per\u00edodo. Segundo a analista da pesquisa, Adriana Beringuy, esse aumento da ocupa\u00e7\u00e3o \u00e9 explicado pela flexibiliza\u00e7\u00e3o das medidas adotadas para combate da pandemia de Covid-19. Al\u00e9m disso, tem um efeito sazonal de fim de ano, especialmente no com\u00e9rcio.<\/p>\n<p>Dos dez ramos de atividade profissional investigadas pelo IBGE, nove registraram aumento no n\u00famero de ocupados, sendo que o com\u00e9rcio registrou o crescimento mais intenso.<\/p>\n<p><em>\u201cO Com\u00e9rcio nesse trimestre, assim como no mesmo per\u00edodo do ano anterior, foi o setor que mais absorveu as pessoas na ocupa\u00e7\u00e3o, causando reflexos positivos para o trabalho com carteira no setor privado que, ap\u00f3s v\u00e1rios meses de queda, mostra uma rea\u00e7\u00e3o\u201d, ressaltou Adriana.<\/em><\/p>\n<p>Dos 3,9 milh\u00f5es de trabalhadores que conseguiram uma ocupa\u00e7\u00e3o no mercado de trabalho desde o trimestre terminado em agosto, 854 mil (22%) ingressaram no com\u00e9rcio. A analista da pesquisa enfatizou, no entanto, que as outras oito atividades tamb\u00e9m registraram aumento significativo da ocupa\u00e7\u00e3o, &#8220;mostrando que esse processo de absor\u00e7\u00e3o de trabalhadores tamb\u00e9m avan\u00e7ou em outros setores&#8221;.<\/p>\n<p>Das dez atividades investigadas, somente a de outros servi\u00e7os n\u00e3o apresentou crescimento significativo. Ainda assim, esse ramo viu o n\u00famero de ocupados aumentar em 181 mil trabalhadores em tr\u00eas meses, o que foi considerado pelo IBGE como estabilidade estat\u00edstica.<\/p>\n<p>Fonte: G1 Economia<\/p>\n","protected":false},"excerpt":{"rendered":"<p>Apesar do recuo da taxa, cerca de 14 milh\u00f5es de brasileiros permaneciam desempregados O desemprego no Brasil teve a segunda queda seguida em 2020, ficando&#8230;<\/p>\n","protected":false},"author":1182,"featured_media":33584,"comment_status":"closed","ping_status":"closed","sticky":false,"template":"","format":"standard","meta":{"footnotes":""},"categories":[6],"tags":[405,61,2751,833,1848,663,2755,630,1375,1657,554],"class_list":["post-33583","post","type-post","status-publish","format-standard","has-post-thumbnail","hentry","category-noticias","tag-aumento","tag-brasil","tag-covid-19","tag-desemprego","tag-ibge","tag-mercado","tag-pandemia","tag-pesquisa","tag-populacao","tag-renda","tag-trabalho"],"_links":{"self":[{"href":"https:\/\/www.sincomam.org.br\/index.php\/wp-json\/wp\/v2\/posts\/33583","targetHints":{"allow":["GET"]}}],"collection":[{"href":"https:\/\/www.sincomam.org.br\/index.php\/wp-json\/wp\/v2\/posts"}],"about":[{"href":"https:\/\/www.sincomam.org.br\/index.php\/wp-json\/wp\/v2\/types\/post"}],"author":[{"embeddable":true,"href":"https:\/\/www.sincomam.org.br\/index.php\/wp-json\/wp\/v2\/users\/1182"}],"replies":[{"embeddable":true,"href":"https:\/\/www.sincomam.org.br\/index.php\/wp-json\/wp\/v2\/comments?post=33583"}],"version-history":[{"count":1,"href":"https:\/\/www.sincomam.org.br\/index.php\/wp-json\/wp\/v2\/posts\/33583\/revisions"}],"predecessor-version":[{"id":33585,"href":"https:\/\/www.sincomam.org.br\/index.php\/wp-json\/wp\/v2\/posts\/33583\/revisions\/33585"}],"wp:featuredmedia":[{"embeddable":true,"href":"https:\/\/www.sincomam.org.br\/index.php\/wp-json\/wp\/v2\/media\/33584"}],"wp:attachment":[{"href":"https:\/\/www.sincomam.org.br\/index.php\/wp-json\/wp\/v2\/media?parent=33583"}],"wp:term":[{"taxonomy":"category","embeddable":true,"href":"https:\/\/www.sincomam.org.br\/index.php\/wp-json\/wp\/v2\/categories?post=33583"},{"taxonomy":"post_tag","embeddable":true,"href":"https:\/\/www.sincomam.org.br\/index.php\/wp-json\/wp\/v2\/tags?post=33583"}],"curies":[{"name":"wp","href":"https:\/\/api.w.org\/{rel}","templated":true}]}}