{"id":33572,"date":"2021-01-27T11:01:34","date_gmt":"2021-01-27T14:01:34","guid":{"rendered":"http:\/\/www.sincomam.org.br\/?p=33572"},"modified":"2021-01-27T11:01:34","modified_gmt":"2021-01-27T14:01:34","slug":"petrobras-confirma-aumento-nos-precos-da-gasolina-e-do-diesel","status":"publish","type":"post","link":"https:\/\/www.sincomam.org.br\/index.php\/petrobras-confirma-aumento-nos-precos-da-gasolina-e-do-diesel\/","title":{"rendered":"Petrobras confirma aumento nos pre\u00e7os da gasolina e do diesel"},"content":{"rendered":"<p><strong><em>Este \u00e9 o segundo reajuste no pre\u00e7o da gasolina, j\u00e1 o diesel ter\u00e1 o primeiro aumento em 2021<\/em><\/strong><\/p>\n<p>O pre\u00e7o da gasolina da Petrobras vai subir pela segunda vez em menos de dez dias nas refinarias. Segundo a estatal, o reajuste ser\u00e1 de 5%, para um pre\u00e7o m\u00e9dio de R$ 2,08 por litro, a partir de quarta-feira (27). Na semana passada, a estatal j\u00e1 havia reajustado o combust\u00edvel em 7,6%, no primeiro reajuste do ano.<\/p>\n<p>Al\u00e9m da gasolina, tamb\u00e9m ser\u00e1 reajustado o pre\u00e7o do diesel, em 4,4%, para R$ 2,12 o litro.<\/p>\n<p>A Petrobras reiterou que seus pre\u00e7os t\u00eam como refer\u00eancia a chamada paridade de importa\u00e7\u00e3o, impactada por fatores como os valores do petr\u00f3leo e o c\u00e2mbio, de acordo com comunicado enviado pela assessoria de imprensa.<\/p>\n<p>O repasse dos reajustes nas refinarias aos consumidores finais nos postos n\u00e3o \u00e9 garantido, e depende de uma s\u00e9rie de quest\u00f5es, como margem da distribui\u00e7\u00e3o e revenda, impostos e adi\u00e7\u00e3o obrigat\u00f3ria de etanol anidro e biodiesel.<\/p>\n<p><em>\u201cImportante ressaltar tamb\u00e9m que os pre\u00e7os da gasolina e do diesel vendidos na bomba dos postos revendedores \u00e9 diferente do valor cobrado nas refinarias pela Petrobras. At\u00e9 chegar ao consumidor s\u00e3o acrescidos tributos federais e estaduais, custos para aquisi\u00e7\u00e3o e mistura obrigat\u00f3ria de biocombust\u00edveis pelas distribuidoras, al\u00e9m das margens brutas das companhias distribuidoras e dos pr\u00f3prios postos revendedores de combust\u00edveis&#8221;, informa a estatal em nota.<\/em><\/p>\n<p>Fonte: G1<\/p>\n<p><strong>Leia tamb\u00e9m: <a href=\"https:\/\/www.sincomam.org.br\/index.php\/sem-resposta-do-governo-caminhoneiros-mantem-paralisacao-no-dia-1-de-fevereiro\/\" target=\"_blank\" rel=\"noopener noreferrer\">Aumento do diesel refor\u00e7a a greve dos caminhoneiros em 1 de fevereiro<\/a><\/strong><\/p>\n","protected":false},"excerpt":{"rendered":"<p>Este \u00e9 o segundo reajuste no pre\u00e7o da gasolina, j\u00e1 o diesel ter\u00e1 o primeiro aumento em 2021 O pre\u00e7o da gasolina da Petrobras vai&#8230;<\/p>\n","protected":false},"author":1182,"featured_media":4688,"comment_status":"closed","ping_status":"closed","sticky":false,"template":"","format":"standard","meta":{"footnotes":""},"categories":[6],"tags":[405,2935,111,765,244,58,298,392],"class_list":["post-33572","post","type-post","status-publish","format-standard","has-post-thumbnail","hentry","category-noticias","tag-aumento","tag-caminhoneiros","tag-diesel","tag-gasolina","tag-greve","tag-petrobras","tag-preco","tag-reajuste"],"_links":{"self":[{"href":"https:\/\/www.sincomam.org.br\/index.php\/wp-json\/wp\/v2\/posts\/33572","targetHints":{"allow":["GET"]}}],"collection":[{"href":"https:\/\/www.sincomam.org.br\/index.php\/wp-json\/wp\/v2\/posts"}],"about":[{"href":"https:\/\/www.sincomam.org.br\/index.php\/wp-json\/wp\/v2\/types\/post"}],"author":[{"embeddable":true,"href":"https:\/\/www.sincomam.org.br\/index.php\/wp-json\/wp\/v2\/users\/1182"}],"replies":[{"embeddable":true,"href":"https:\/\/www.sincomam.org.br\/index.php\/wp-json\/wp\/v2\/comments?post=33572"}],"version-history":[{"count":1,"href":"https:\/\/www.sincomam.org.br\/index.php\/wp-json\/wp\/v2\/posts\/33572\/revisions"}],"predecessor-version":[{"id":33573,"href":"https:\/\/www.sincomam.org.br\/index.php\/wp-json\/wp\/v2\/posts\/33572\/revisions\/33573"}],"wp:featuredmedia":[{"embeddable":true,"href":"https:\/\/www.sincomam.org.br\/index.php\/wp-json\/wp\/v2\/media\/4688"}],"wp:attachment":[{"href":"https:\/\/www.sincomam.org.br\/index.php\/wp-json\/wp\/v2\/media?parent=33572"}],"wp:term":[{"taxonomy":"category","embeddable":true,"href":"https:\/\/www.sincomam.org.br\/index.php\/wp-json\/wp\/v2\/categories?post=33572"},{"taxonomy":"post_tag","embeddable":true,"href":"https:\/\/www.sincomam.org.br\/index.php\/wp-json\/wp\/v2\/tags?post=33572"}],"curies":[{"name":"wp","href":"https:\/\/api.w.org\/{rel}","templated":true}]}}