{"id":33569,"date":"2021-01-27T10:43:48","date_gmt":"2021-01-27T13:43:48","guid":{"rendered":"http:\/\/www.sincomam.org.br\/?p=33569"},"modified":"2021-01-27T11:31:21","modified_gmt":"2021-01-27T14:31:21","slug":"marinha-transporta-tanque-de-oxigenio-para-atender-hospitais-de-manaus","status":"publish","type":"post","link":"https:\/\/www.sincomam.org.br\/index.php\/marinha-transporta-tanque-de-oxigenio-para-atender-hospitais-de-manaus\/","title":{"rendered":"Marinha transporta tanque de oxig\u00eanio para atender hospitais de Manaus"},"content":{"rendered":"<p><strong><em>Embarca\u00e7\u00e3o partiu de Santos (SP), em 19 de janeiro, e antecipou em dois dias sua chegada ao Par\u00e1<\/em><\/strong><\/p>\n<p>A Marinha do Brasil informou que, nesta ter\u00e7a-feira (26), o Navio-Patrulha Oce\u00e2nico Apa, atracou em Barbacena, no Par\u00e1. A tripula\u00e7\u00e3o do navio \u00e9 composta por 80 militares.<\/p>\n<p>A embarca\u00e7\u00e3o carregava um tanque de 54 toneladas, que ser\u00e1 envasado com 90 mil m3 de oxig\u00eanio l\u00edquido para abastecer hospitais na cidade de Manaus (AM). O munic\u00edpio enfrenta colapso no sistema de sa\u00fade, em fun\u00e7\u00e3o do agravamento da pandemia no novo coronav\u00edrus naquele estado.<\/p>\n<p>Segundo a Marinha, a atividade faz parte da Opera\u00e7\u00e3o Covid-19, promovida pelo Minist\u00e9rio da Defesa, para mitigar as consequ\u00eancias da pandemia no pa\u00eds.<\/p>\n<p><strong>Transporte<\/strong><\/p>\n<p>O Comando do 4o Distrito Naval apoiou a miss\u00e3o, em parceria com a Companhia Docas do Par\u00e1 (CDP), que disponibilizou cais e guindastes, e a empresa White Martins, fornecedora do oxig\u00eanio. &#8220;O tanque ser\u00e1 transportado via fluvial, at\u00e9 Manaus, onde deve chegar na primeira semana de fevereiro. O Sindicato das Empresas de Navega\u00e7\u00e3o Fluvial e Lacustre e das Ag\u00eancias de Navega\u00e7\u00e3o no Estado do Par\u00e1 (Sindarpa) se colocou \u00e0 disposi\u00e7\u00e3o para apoiar as atividades&#8221;, disse a Defesa, em nota.<\/p>\n<p>*Com informa\u00e7\u00f5es e foto do 4\u00aa Distrito Naval<\/p>\n","protected":false},"excerpt":{"rendered":"<p>Embarca\u00e7\u00e3o partiu de Santos (SP), em 19 de janeiro, e antecipou em dois dias sua chegada ao Par\u00e1 A Marinha do Brasil informou que, nesta&#8230;<\/p>\n","protected":false},"author":1182,"featured_media":33570,"comment_status":"closed","ping_status":"closed","sticky":false,"template":"","format":"standard","meta":{"footnotes":""},"categories":[6],"tags":[61,4289,2751,474,1013,321,4285,513,189,4290],"class_list":["post-33569","post","type-post","status-publish","format-standard","has-post-thumbnail","hentry","category-noticias","tag-brasil","tag-coronvirus","tag-covid-19","tag-manaus","tag-marinha-do-brasil","tag-navio-patrulha","tag-oxigenio","tag-para","tag-transporte","tag-white-martins"],"_links":{"self":[{"href":"https:\/\/www.sincomam.org.br\/index.php\/wp-json\/wp\/v2\/posts\/33569","targetHints":{"allow":["GET"]}}],"collection":[{"href":"https:\/\/www.sincomam.org.br\/index.php\/wp-json\/wp\/v2\/posts"}],"about":[{"href":"https:\/\/www.sincomam.org.br\/index.php\/wp-json\/wp\/v2\/types\/post"}],"author":[{"embeddable":true,"href":"https:\/\/www.sincomam.org.br\/index.php\/wp-json\/wp\/v2\/users\/1182"}],"replies":[{"embeddable":true,"href":"https:\/\/www.sincomam.org.br\/index.php\/wp-json\/wp\/v2\/comments?post=33569"}],"version-history":[{"count":1,"href":"https:\/\/www.sincomam.org.br\/index.php\/wp-json\/wp\/v2\/posts\/33569\/revisions"}],"predecessor-version":[{"id":33571,"href":"https:\/\/www.sincomam.org.br\/index.php\/wp-json\/wp\/v2\/posts\/33569\/revisions\/33571"}],"wp:featuredmedia":[{"embeddable":true,"href":"https:\/\/www.sincomam.org.br\/index.php\/wp-json\/wp\/v2\/media\/33570"}],"wp:attachment":[{"href":"https:\/\/www.sincomam.org.br\/index.php\/wp-json\/wp\/v2\/media?parent=33569"}],"wp:term":[{"taxonomy":"category","embeddable":true,"href":"https:\/\/www.sincomam.org.br\/index.php\/wp-json\/wp\/v2\/categories?post=33569"},{"taxonomy":"post_tag","embeddable":true,"href":"https:\/\/www.sincomam.org.br\/index.php\/wp-json\/wp\/v2\/tags?post=33569"}],"curies":[{"name":"wp","href":"https:\/\/api.w.org\/{rel}","templated":true}]}}