{"id":33546,"date":"2021-01-26T11:05:58","date_gmt":"2021-01-26T14:05:58","guid":{"rendered":"http:\/\/www.sincomam.org.br\/?p=33546"},"modified":"2021-01-26T11:05:58","modified_gmt":"2021-01-26T14:05:58","slug":"salario-minimo-passara-por-novo-reajuste-em-fevereiro","status":"publish","type":"post","link":"https:\/\/www.sincomam.org.br\/index.php\/salario-minimo-passara-por-novo-reajuste-em-fevereiro\/","title":{"rendered":"Sal\u00e1rio M\u00ednimo passar\u00e1 por novo reajuste em fevereiro"},"content":{"rendered":"<p>O sal\u00e1rio m\u00ednimo vai passar por um novo reajuste em fevereiro. O motivo est\u00e1 no fato que agora em janeiro o IBGE (Instituto Brasileiro de Geografia e Estat\u00edsticas) divulgou o \u00cdndice Nacional de Pre\u00e7os ao Consumidor (INPC), que \u00e9 usado para corre\u00e7\u00e3o do sal\u00e1rio m\u00ednimo, que acumulou alta de 5,45% em 2020.<\/p>\n<p>Em 1\u00b0 de janeiro de 2021, o sal\u00e1rio m\u00ednimo passou a valer R$ 1.100, para este valor, o governo fez um c\u00e1lculo em cima de 5,26%, no entanto, com o aumento do INPC em 5,45%, ser\u00e1 necess\u00e1rio reajustar o valor do m\u00ednimo para que n\u00e3o aconte\u00e7a perdas, sendo assim, a partir de fevereiro, o novo valor do sal\u00e1rio ser\u00e1 de R$ 1.101,95.<\/p>\n<p>A mudan\u00e7a no sal\u00e1rio m\u00ednimo tamb\u00e9m altera os valores de pagamento nos benef\u00edcios do Instituto Nacional do Seguro Social (INSS). Com o reajuste, o teto dos benef\u00edcios do INSS passa de R$ 6.101,06 para R$ 6.433,57. Para quem recebe o sal\u00e1rio m\u00ednimo na aposentadoria, o valor dever\u00e1 ficar em R$ 1.102,45 (levando em considera\u00e7\u00e3o um arredondamento de 5 centavos para cima).<\/p>\n<p>Fonte: Jornal Cont\u00e1bil<\/p>\n","protected":false},"excerpt":{"rendered":"<p>O sal\u00e1rio m\u00ednimo vai passar por um novo reajuste em fevereiro. O motivo est\u00e1 no fato que agora em janeiro o IBGE (Instituto Brasileiro de&#8230;<\/p>\n","protected":false},"author":1182,"featured_media":17827,"comment_status":"closed","ping_status":"closed","sticky":false,"template":"","format":"standard","meta":{"footnotes":""},"categories":[6],"tags":[572,1848,1839,404,392,403],"class_list":["post-33546","post","type-post","status-publish","format-standard","has-post-thumbnail","hentry","category-noticias","tag-fevereiro","tag-ibge","tag-inss","tag-minimo","tag-reajuste","tag-salario"],"_links":{"self":[{"href":"https:\/\/www.sincomam.org.br\/index.php\/wp-json\/wp\/v2\/posts\/33546","targetHints":{"allow":["GET"]}}],"collection":[{"href":"https:\/\/www.sincomam.org.br\/index.php\/wp-json\/wp\/v2\/posts"}],"about":[{"href":"https:\/\/www.sincomam.org.br\/index.php\/wp-json\/wp\/v2\/types\/post"}],"author":[{"embeddable":true,"href":"https:\/\/www.sincomam.org.br\/index.php\/wp-json\/wp\/v2\/users\/1182"}],"replies":[{"embeddable":true,"href":"https:\/\/www.sincomam.org.br\/index.php\/wp-json\/wp\/v2\/comments?post=33546"}],"version-history":[{"count":1,"href":"https:\/\/www.sincomam.org.br\/index.php\/wp-json\/wp\/v2\/posts\/33546\/revisions"}],"predecessor-version":[{"id":33547,"href":"https:\/\/www.sincomam.org.br\/index.php\/wp-json\/wp\/v2\/posts\/33546\/revisions\/33547"}],"wp:featuredmedia":[{"embeddable":true,"href":"https:\/\/www.sincomam.org.br\/index.php\/wp-json\/wp\/v2\/media\/17827"}],"wp:attachment":[{"href":"https:\/\/www.sincomam.org.br\/index.php\/wp-json\/wp\/v2\/media?parent=33546"}],"wp:term":[{"taxonomy":"category","embeddable":true,"href":"https:\/\/www.sincomam.org.br\/index.php\/wp-json\/wp\/v2\/categories?post=33546"},{"taxonomy":"post_tag","embeddable":true,"href":"https:\/\/www.sincomam.org.br\/index.php\/wp-json\/wp\/v2\/tags?post=33546"}],"curies":[{"name":"wp","href":"https:\/\/api.w.org\/{rel}","templated":true}]}}