{"id":33540,"date":"2021-01-26T09:12:39","date_gmt":"2021-01-26T12:12:39","guid":{"rendered":"http:\/\/www.sincomam.org.br\/?p=33540"},"modified":"2021-01-26T09:12:39","modified_gmt":"2021-01-26T12:12:39","slug":"sem-resposta-do-governo-caminhoneiros-mantem-paralisacao-no-dia-1-de-fevereiro","status":"publish","type":"post","link":"https:\/\/www.sincomam.org.br\/index.php\/sem-resposta-do-governo-caminhoneiros-mantem-paralisacao-no-dia-1-de-fevereiro\/","title":{"rendered":"Sem resposta do governo, caminhoneiros mant\u00eam paralisa\u00e7\u00e3o no dia 1\u00b0 de fevereiro"},"content":{"rendered":"<p><strong><em>L\u00edder da categoria afirmou que greve ser\u00e1 mantida se tabela de pre\u00e7os de combust\u00edveis n\u00e3o for reajustada<\/em><\/strong><\/p>\n<p>Na \u00faltima semana, o presidente Jair Bolsonaro cedeu a reivindica\u00e7\u00f5es dos caminhoneiros, colocando a categoria no grupo priorit\u00e1rio de vacina\u00e7\u00e3o contra a Covid-19 e prometendo rever o valor do frete e da multa de sobrepeso, para evitar qualquer possibilidade de greve. Por\u00e9m, tudo indica que a paralisa\u00e7\u00e3o marcada para o pr\u00f3ximo dia 1\u00b0 de fevereiro ser\u00e1 mantida por conta de outro ponto que acabou ficando sem resposta: o valor dos combust\u00edveis.<\/p>\n<p>Em entrevista ao blog do jornalista Lauro Jardim, o presidente do Conselho Nacional do Transporte Rodovi\u00e1rio de Cargas, Pl\u00ednio Dias, afirmou que o governo Bolsonaro n\u00e3o deu qualquer retorno sobre a demanda da revis\u00e3o da tabela de pre\u00e7os da Petrobras e garantiu: &#8220;a paralisa\u00e7\u00e3o est\u00e1 de p\u00e9&#8221;.<\/p>\n<p>Os &#8220;afagos&#8221; do presidente vieram apenas um dia ap\u00f3s outra movimenta\u00e7\u00e3o do governo para amenizar o descontentamento dos caminhoneiros, quando a tarifa de importa\u00e7\u00e3o de pneus para transporte de cargas foi reduzida de 16% para zero. Esta era outra reivindica\u00e7\u00e3o importante da categoria, que apontava este como o segundo item mais caro de manuten\u00e7\u00e3o dos ve\u00edculos, perdendo apenas para o valor do diesel.<\/p>\n<p>Entretanto, a amea\u00e7a de greve segue pairando. Em entrevista recente, o presidente da Associa\u00e7\u00e3o Nacional do Transporte Aut\u00f4nomos do Brasil (ANTB), Jos\u00e9 Roberto Stringasci, afirmou que a paralisa\u00e7\u00e3o deste ano pode ser ainda maior do que a registrada em 2018, que causou desabastecimentos em todo o pa\u00eds e gerou diversos tipos de complica\u00e7\u00f5es.<\/p>\n<p><em>\u201cA pandemia nunca foi problema. A categoria trabalhou para cima e para baixo durante a pandemia. Muitos caminhoneiros ficaram com fome na estrada com os restaurantes fechados, mas nunca parou. O diesel \u00e9 o principal ponto, porque o s\u00f3cio majorit\u00e1rio do transporte nacional rodovi\u00e1rio \u00e9 o combust\u00edvel (50% a 60% do valor da viagem). Queremos uma mudan\u00e7a na pol\u00edtica de pre\u00e7o&#8221;, afirmou Stringasci.<\/em><\/p>\n<p>Fonte: IG<\/p>\n","protected":false},"excerpt":{"rendered":"<p>L\u00edder da categoria afirmou que greve ser\u00e1 mantida se tabela de pre\u00e7os de combust\u00edveis n\u00e3o for reajustada Na \u00faltima semana, o presidente Jair Bolsonaro cedeu&#8230;<\/p>\n","protected":false},"author":1182,"featured_media":33268,"comment_status":"closed","ping_status":"closed","sticky":false,"template":"","format":"standard","meta":{"footnotes":""},"categories":[6],"tags":[61,2935,177,192,244,1239,392],"class_list":["post-33540","post","type-post","status-publish","format-standard","has-post-thumbnail","hentry","category-noticias","tag-brasil","tag-caminhoneiros","tag-combustiveis","tag-governo","tag-greve","tag-paralisacao","tag-reajuste"],"_links":{"self":[{"href":"https:\/\/www.sincomam.org.br\/index.php\/wp-json\/wp\/v2\/posts\/33540","targetHints":{"allow":["GET"]}}],"collection":[{"href":"https:\/\/www.sincomam.org.br\/index.php\/wp-json\/wp\/v2\/posts"}],"about":[{"href":"https:\/\/www.sincomam.org.br\/index.php\/wp-json\/wp\/v2\/types\/post"}],"author":[{"embeddable":true,"href":"https:\/\/www.sincomam.org.br\/index.php\/wp-json\/wp\/v2\/users\/1182"}],"replies":[{"embeddable":true,"href":"https:\/\/www.sincomam.org.br\/index.php\/wp-json\/wp\/v2\/comments?post=33540"}],"version-history":[{"count":1,"href":"https:\/\/www.sincomam.org.br\/index.php\/wp-json\/wp\/v2\/posts\/33540\/revisions"}],"predecessor-version":[{"id":33541,"href":"https:\/\/www.sincomam.org.br\/index.php\/wp-json\/wp\/v2\/posts\/33540\/revisions\/33541"}],"wp:featuredmedia":[{"embeddable":true,"href":"https:\/\/www.sincomam.org.br\/index.php\/wp-json\/wp\/v2\/media\/33268"}],"wp:attachment":[{"href":"https:\/\/www.sincomam.org.br\/index.php\/wp-json\/wp\/v2\/media?parent=33540"}],"wp:term":[{"taxonomy":"category","embeddable":true,"href":"https:\/\/www.sincomam.org.br\/index.php\/wp-json\/wp\/v2\/categories?post=33540"},{"taxonomy":"post_tag","embeddable":true,"href":"https:\/\/www.sincomam.org.br\/index.php\/wp-json\/wp\/v2\/tags?post=33540"}],"curies":[{"name":"wp","href":"https:\/\/api.w.org\/{rel}","templated":true}]}}