{"id":33537,"date":"2021-01-25T12:20:10","date_gmt":"2021-01-25T15:20:10","guid":{"rendered":"http:\/\/www.sincomam.org.br\/?p=33537"},"modified":"2021-01-25T12:20:10","modified_gmt":"2021-01-25T15:20:10","slug":"operacao-covid-19-forcas-armadas-completam-10-meses-de-atuacao","status":"publish","type":"post","link":"https:\/\/www.sincomam.org.br\/index.php\/operacao-covid-19-forcas-armadas-completam-10-meses-de-atuacao\/","title":{"rendered":"Opera\u00e7\u00e3o Covid-19: For\u00e7as Armadas completam 10 meses de atua\u00e7\u00e3o"},"content":{"rendered":"<p><em><strong>Em todo territ\u00f3rio nacional, os militares efetuaram a desinfec\u00e7\u00e3o de mais de 8,1 mil espa\u00e7os p\u00fablicos<\/strong><\/em><\/p>\n<p>O Minist\u00e9rio da Defesa informou que a Opera\u00e7\u00e3o Covid-19, completou 10 meses de atua\u00e7\u00e3o em todo o Brasil. &#8220;As For\u00e7as Armadas trabalham incansavelmente em apoio \u00e0s a\u00e7\u00f5es do Governo Federal de combate ao novo coronav\u00edrus. A miss\u00e3o demanda grande log\u00edstica, semelhante a opera\u00e7\u00f5es de guerra, tanto mobilizou at\u00e9 34 mil militares. As atividades iniciaram em<b>\u00a0<\/b>20 de mar\u00e7o do ano passado&#8221;, disse a nota do Minist\u00e9rio.<\/p>\n<p>Em a\u00e7\u00e3o recente, nos dias 18 e 19 de janeiro, o Minist\u00e9rio da Defesa, por meio da For\u00e7a A\u00e9rea Brasileira (FAB), auxiliou o Minist\u00e9rio da Sa\u00fade na distribui\u00e7\u00e3o de vacinas contra o coronav\u00edrus pelo Pa\u00eds. As doses do imunizante transportadas pelos militares seguiram para o Acre, Amazonas, Amap\u00e1, Distrito Federal, Roraima, Rond\u00f4nia, Santa Catarina e Mato Grosso do Sul, al\u00e9m do munic\u00edpio de Tabatinga, no Amazonas.<\/p>\n<p>A Defesa comunicou, ainda, que mais de 155 mil ind\u00edgenas receberam assist\u00eancia de sa\u00fade no Amazonas, Par\u00e1, Acre, Amap\u00e1, Roraima, Maranh\u00e3o, Mato Grosso e Mato Grosso do Sul.<\/p>\n<p>Desde o in\u00edcio da Opera\u00e7\u00e3o Covid-19, as For\u00e7as Armadas distribuiram mais de 6,5 milh\u00f5es de kits de alimentos e mais de 25,3 mil toneladas de material, entre medicamentos e insumos hospitalares. Para atender a demanda nacional foram empregados cerca de 994 viaturas, 90 embarca\u00e7\u00f5es e tr\u00eas navios<b>.<\/b><\/p>\n<p><b>Cilindros de oxig\u00eanio<\/b><\/p>\n<p>As For\u00e7as Armadas tamb\u00e9m realizaram o transporte de oxig\u00eanio para os hospitais do estado da Regi\u00e3o Norte do Brasil. A mobiliza\u00e7\u00e3o prossegue at\u00e9 20 de janeiro. Foram enviados cerca de 40 respiradores, o Inspire, para Manaus, por meio de parceria do Centro de Tecnologia da Marinha em S\u00e3o Paulo (CTMSP) com a Escola Polit\u00e9cnica da Universidade de S\u00e3o Paulo. Al\u00e9m de um tanque de oxig\u00eanio de 54 toneladas, que partiu de Santos, S\u00e3o Paulo, por meio do Navio-Patrulha Oce\u00e2nico \u201cApa\u201d, da Marinha. O equipamento seguiu para Bel\u00e9m, no Par\u00e1, e, posteriormente, para a capital amazonense.<\/p>\n<p>Tamb\u00e9m com destino a Manaus, a FAB fez o deslocamento de 2.827 cilindros de oxig\u00eanio e transportaram 13 usinas para produ\u00e7\u00e3o de oxig\u00eanio. O 5\u00ba Batalh\u00e3o de Infantaria Leve da 12\u00aa Brigada de Infantaria Leve Aerom\u00f3vel do Ex\u00e9rcito apoiou a FAB no embarque de uma das usinas.<\/p>\n<p>Foto: divulga\u00e7\u00e3o MD<\/p>\n","protected":false},"excerpt":{"rendered":"<p>Em todo territ\u00f3rio nacional, os militares efetuaram a desinfec\u00e7\u00e3o de mais de 8,1 mil espa\u00e7os p\u00fablicos O Minist\u00e9rio da Defesa informou que a Opera\u00e7\u00e3o Covid-19,&#8230;<\/p>\n","protected":false},"author":1182,"featured_media":33538,"comment_status":"closed","ping_status":"closed","sticky":false,"template":"","format":"standard","meta":{"footnotes":""},"categories":[6],"tags":[606,2548,1268,248,3563,61,4286,2752,2751,894,383,3839,2437,3683,377,4285,513,3309],"class_list":["post-33537","post","type-post","status-publish","format-standard","has-post-thumbnail","hentry","category-noticias","tag-acao","tag-acre","tag-amapa","tag-amazonas","tag-atuacao","tag-brasil","tag-cilindro","tag-coronavirus","tag-covid-19","tag-forcas-armadas","tag-maranhao","tag-mato-grosso","tag-mato-grosso-do-sul","tag-ministerio-da-defesa","tag-operacao","tag-oxigenio","tag-para","tag-roraima"],"_links":{"self":[{"href":"https:\/\/www.sincomam.org.br\/index.php\/wp-json\/wp\/v2\/posts\/33537","targetHints":{"allow":["GET"]}}],"collection":[{"href":"https:\/\/www.sincomam.org.br\/index.php\/wp-json\/wp\/v2\/posts"}],"about":[{"href":"https:\/\/www.sincomam.org.br\/index.php\/wp-json\/wp\/v2\/types\/post"}],"author":[{"embeddable":true,"href":"https:\/\/www.sincomam.org.br\/index.php\/wp-json\/wp\/v2\/users\/1182"}],"replies":[{"embeddable":true,"href":"https:\/\/www.sincomam.org.br\/index.php\/wp-json\/wp\/v2\/comments?post=33537"}],"version-history":[{"count":1,"href":"https:\/\/www.sincomam.org.br\/index.php\/wp-json\/wp\/v2\/posts\/33537\/revisions"}],"predecessor-version":[{"id":33539,"href":"https:\/\/www.sincomam.org.br\/index.php\/wp-json\/wp\/v2\/posts\/33537\/revisions\/33539"}],"wp:featuredmedia":[{"embeddable":true,"href":"https:\/\/www.sincomam.org.br\/index.php\/wp-json\/wp\/v2\/media\/33538"}],"wp:attachment":[{"href":"https:\/\/www.sincomam.org.br\/index.php\/wp-json\/wp\/v2\/media?parent=33537"}],"wp:term":[{"taxonomy":"category","embeddable":true,"href":"https:\/\/www.sincomam.org.br\/index.php\/wp-json\/wp\/v2\/categories?post=33537"},{"taxonomy":"post_tag","embeddable":true,"href":"https:\/\/www.sincomam.org.br\/index.php\/wp-json\/wp\/v2\/tags?post=33537"}],"curies":[{"name":"wp","href":"https:\/\/api.w.org\/{rel}","templated":true}]}}