{"id":33527,"date":"2021-01-25T10:47:54","date_gmt":"2021-01-25T13:47:54","guid":{"rendered":"http:\/\/www.sincomam.org.br\/?p=33527"},"modified":"2021-01-25T10:47:54","modified_gmt":"2021-01-25T13:47:54","slug":"revendedores-de-gas-prometem-greve-em-1o-de-fevereiro-contra-altas-da-petrobras","status":"publish","type":"post","link":"https:\/\/www.sincomam.org.br\/index.php\/revendedores-de-gas-prometem-greve-em-1o-de-fevereiro-contra-altas-da-petrobras\/","title":{"rendered":"Revendedores de g\u00e1s prometem greve em 1\u00ba de fevereiro contra altas da Petrobras"},"content":{"rendered":"<p><strong><em>Protesto mira aumentos na distribui\u00e7\u00e3o do GLP, que atingem 49% desde o in\u00edcio da pandemia no Brasil<\/em><\/strong><\/p>\n<p>Os revendedores de g\u00e1s do estado de S\u00e3o Paulo prometem greve no dia 1\u00ba de fevereiro para protestar contra a sequ\u00eancia de aumentos promovidos pela Petrobras no GLP durante a pandemia. O movimento \u00e9 organizado pela SP G\u00e1s e a Associa\u00e7\u00e3o dos Revendedores do Estado de S\u00e3o Paulo (Apreg\u00e1s), de acordo com informa\u00e7\u00f5es da revista Veja.<\/p>\n<p>As associa\u00e7\u00f5es ainda n\u00e3o teriam definido se v\u00e3o baixar as portas na data ou se estacionar\u00e3o os caminh\u00f5es na entrada das principais distribuidoras de g\u00e1s para suspender o fornecimento em protesto contra os aumentos.<\/p>\n<p><em>&#8220;Desde o in\u00edcio da pandemia o pre\u00e7o do GLP para os revendedores subiu 49%. Tivemos de diminuir as nossas margens porque o consumidor n\u00e3o tem condi\u00e7\u00f5es de assimilar esses reajustes&#8221;, diz \u00e0 Veja Adhemar Neto, vice-presidente da Apreg\u00e1s.<\/em><\/p>\n<p>Hoje, o botij\u00e3o de g\u00e1s de 13 quilos custa R$ 79,99 na capital paulista, mas, de acordo com os revendedores, caso os aumentos fossem repassados integralmente ao consumidor, o pre\u00e7o chegaria a R$ 95.<\/p>\n<p><em>&#8220;Como uma pessoa que ganhar 1.200 reais, ou que est\u00e1 dependendo do aux\u00edlio emergencial para viver, vai pagar quase R$ 100 num botij\u00e3o? A Petrobras precisa repensar seu posicionamento e agir para ajudar a popula\u00e7\u00e3o&#8221;, pede o vice-presidente da Apreg\u00e1s.<\/em><\/p>\n<p>Al\u00e9m dos revendedores de S\u00e3o Paulo, cuja paralisa\u00e7\u00e3o do dia 1\u00ba de fevereiro deve ocorrer em Mau\u00e1, respons\u00e1vel por fornecer g\u00e1s para a capital; S\u00e3o Jos\u00e9 dos Campos, que abastece o Vale do Para\u00edba; e Barueri, fornecedora do interior do estado, revendedores do Mato Grosso, da Bahia, de Minas Gerais, do Paran\u00e1 e do Rio de Janeiro tamb\u00e9m estudam aderir \u00e0 greve.<\/p>\n<p>Fonte: IG \/ Foto: Ag\u00eancia Petrobras<\/p>\n","protected":false},"excerpt":{"rendered":"<p>Protesto mira aumentos na distribui\u00e7\u00e3o do GLP, que atingem 49% desde o in\u00edcio da pandemia no Brasil Os revendedores de g\u00e1s do estado de S\u00e3o&#8230;<\/p>\n","protected":false},"author":1182,"featured_media":28518,"comment_status":"closed","ping_status":"closed","sticky":false,"template":"","format":"standard","meta":{"footnotes":""},"categories":[6],"tags":[61,2752,2751,57,2041,244,2755,58,4283],"class_list":["post-33527","post","type-post","status-publish","format-standard","has-post-thumbnail","hentry","category-noticias","tag-brasil","tag-coronavirus","tag-covid-19","tag-gas","tag-glp","tag-greve","tag-pandemia","tag-petrobras","tag-revendedor"],"_links":{"self":[{"href":"https:\/\/www.sincomam.org.br\/index.php\/wp-json\/wp\/v2\/posts\/33527","targetHints":{"allow":["GET"]}}],"collection":[{"href":"https:\/\/www.sincomam.org.br\/index.php\/wp-json\/wp\/v2\/posts"}],"about":[{"href":"https:\/\/www.sincomam.org.br\/index.php\/wp-json\/wp\/v2\/types\/post"}],"author":[{"embeddable":true,"href":"https:\/\/www.sincomam.org.br\/index.php\/wp-json\/wp\/v2\/users\/1182"}],"replies":[{"embeddable":true,"href":"https:\/\/www.sincomam.org.br\/index.php\/wp-json\/wp\/v2\/comments?post=33527"}],"version-history":[{"count":1,"href":"https:\/\/www.sincomam.org.br\/index.php\/wp-json\/wp\/v2\/posts\/33527\/revisions"}],"predecessor-version":[{"id":33528,"href":"https:\/\/www.sincomam.org.br\/index.php\/wp-json\/wp\/v2\/posts\/33527\/revisions\/33528"}],"wp:featuredmedia":[{"embeddable":true,"href":"https:\/\/www.sincomam.org.br\/index.php\/wp-json\/wp\/v2\/media\/28518"}],"wp:attachment":[{"href":"https:\/\/www.sincomam.org.br\/index.php\/wp-json\/wp\/v2\/media?parent=33527"}],"wp:term":[{"taxonomy":"category","embeddable":true,"href":"https:\/\/www.sincomam.org.br\/index.php\/wp-json\/wp\/v2\/categories?post=33527"},{"taxonomy":"post_tag","embeddable":true,"href":"https:\/\/www.sincomam.org.br\/index.php\/wp-json\/wp\/v2\/tags?post=33527"}],"curies":[{"name":"wp","href":"https:\/\/api.w.org\/{rel}","templated":true}]}}