{"id":33525,"date":"2021-01-25T10:31:56","date_gmt":"2021-01-25T13:31:56","guid":{"rendered":"http:\/\/www.sincomam.org.br\/?p=33525"},"modified":"2021-01-25T10:31:56","modified_gmt":"2021-01-25T13:31:56","slug":"inss-comeca-a-pagar-aposentadoria-com-reajuste-para-quem-ganha-o-minimo","status":"publish","type":"post","link":"https:\/\/www.sincomam.org.br\/index.php\/inss-comeca-a-pagar-aposentadoria-com-reajuste-para-quem-ganha-o-minimo\/","title":{"rendered":"INSS come\u00e7a a pagar aposentadoria com reajuste para quem ganha o m\u00ednimo"},"content":{"rendered":"<p>Os aposentados e pensionistas do INSS com benef\u00edcio do valor de um sal\u00e1rio m\u00ednimo come\u00e7am a receber a partir desta segunda-feira (25) com reajuste. O pagamento tem in\u00edcio hoje e vai at\u00e9 5 de fevereiro.<\/p>\n<p>A data varia de acordo com o valor e com o n\u00famero final do benef\u00edcio, excluindo-se o d\u00edgito (veja abaixo o calend\u00e1rio com as datas). Por exemplo, se o n\u00famero \u00e9 123.456.789 &#8211; 0, desconsidere o 0 (d\u00edgito). O n\u00famero final \u00e9 9.<\/p>\n<p>Recebem o reajuste a partir de hoje os segurados que ganham at\u00e9 um sal\u00e1rio m\u00ednimo, que passou de R$ 1.045 para R$ 1.100. O aumento, para esses aposentados e pensionistas, ser\u00e1 de 5,26%.<\/p>\n<p>Quem ganha acima do sal\u00e1rio m\u00ednimo receber\u00e1 a partir de 1\u00ba de fevereiro. Para esses segurados, o aumento ser\u00e1 de 5,45%, seguindo o INPC acumulado em 2020.<\/p>\n<p><strong>Prova de vida<\/strong><\/p>\n<p>O INSS (Instituto Nacional do Seguro Social) adiou por um m\u00eas o bloqueio de aposentadorias e pens\u00f5es de segurados que est\u00e3o sem fazer a prova de vida desde mar\u00e7o do ano passado. Agora, os benef\u00edcios ser\u00e3o bloqueados no final de mar\u00e7o deste ano. A data anterior era fevereiro.<\/p>\n<p>A prova de vida \u00e9 um procedimento obrigat\u00f3rio. Todos os anos, aqueles que recebem benef\u00edcios do INSS precisam comparecer a uma ag\u00eancia ou ao banco em que \u00e9 correntista para provar ao Estado que est\u00e3o vivos. Caso n\u00e3o o fa\u00e7am, o pagamento \u00e9 bloqueado. A prorroga\u00e7\u00e3o atual vale para os benefici\u00e1rios residentes no Brasil e no exterior.<\/p>\n<p>Fonte: UOl<\/p>\n","protected":false},"excerpt":{"rendered":"<p>Os aposentados e pensionistas do INSS com benef\u00edcio do valor de um sal\u00e1rio m\u00ednimo come\u00e7am a receber a partir desta segunda-feira (25) com reajuste. O&#8230;<\/p>\n","protected":false},"author":1182,"featured_media":29325,"comment_status":"closed","ping_status":"closed","sticky":false,"template":"","format":"standard","meta":{"footnotes":""},"categories":[6],"tags":[1325,405,1839,404,204,2820,392,403,1575],"class_list":["post-33525","post","type-post","status-publish","format-standard","has-post-thumbnail","hentry","category-noticias","tag-aposentadoria","tag-aumento","tag-inss","tag-minimo","tag-pagamento","tag-prova","tag-reajuste","tag-salario","tag-vida"],"_links":{"self":[{"href":"https:\/\/www.sincomam.org.br\/index.php\/wp-json\/wp\/v2\/posts\/33525","targetHints":{"allow":["GET"]}}],"collection":[{"href":"https:\/\/www.sincomam.org.br\/index.php\/wp-json\/wp\/v2\/posts"}],"about":[{"href":"https:\/\/www.sincomam.org.br\/index.php\/wp-json\/wp\/v2\/types\/post"}],"author":[{"embeddable":true,"href":"https:\/\/www.sincomam.org.br\/index.php\/wp-json\/wp\/v2\/users\/1182"}],"replies":[{"embeddable":true,"href":"https:\/\/www.sincomam.org.br\/index.php\/wp-json\/wp\/v2\/comments?post=33525"}],"version-history":[{"count":1,"href":"https:\/\/www.sincomam.org.br\/index.php\/wp-json\/wp\/v2\/posts\/33525\/revisions"}],"predecessor-version":[{"id":33526,"href":"https:\/\/www.sincomam.org.br\/index.php\/wp-json\/wp\/v2\/posts\/33525\/revisions\/33526"}],"wp:featuredmedia":[{"embeddable":true,"href":"https:\/\/www.sincomam.org.br\/index.php\/wp-json\/wp\/v2\/media\/29325"}],"wp:attachment":[{"href":"https:\/\/www.sincomam.org.br\/index.php\/wp-json\/wp\/v2\/media?parent=33525"}],"wp:term":[{"taxonomy":"category","embeddable":true,"href":"https:\/\/www.sincomam.org.br\/index.php\/wp-json\/wp\/v2\/categories?post=33525"},{"taxonomy":"post_tag","embeddable":true,"href":"https:\/\/www.sincomam.org.br\/index.php\/wp-json\/wp\/v2\/tags?post=33525"}],"curies":[{"name":"wp","href":"https:\/\/api.w.org\/{rel}","templated":true}]}}