{"id":33521,"date":"2021-01-22T16:08:55","date_gmt":"2021-01-22T19:08:55","guid":{"rendered":"http:\/\/www.sincomam.org.br\/?p=33521"},"modified":"2021-01-22T16:08:55","modified_gmt":"2021-01-22T19:08:55","slug":"projeto-deve-prorrogar-auxilio-emergencial-ate-abril-com-valor-de-r-600","status":"publish","type":"post","link":"https:\/\/www.sincomam.org.br\/index.php\/projeto-deve-prorrogar-auxilio-emergencial-ate-abril-com-valor-de-r-600\/","title":{"rendered":"Projeto deve prorrogar aux\u00edlio emergencial at\u00e9 abril com valor de R$ 600"},"content":{"rendered":"<p><strong><em>Benef\u00edcio foi pago aos brasileiros at\u00e9 dezembro de 2020<\/em><\/strong><\/p>\n<p>Um projeto de lei apresentado no Congresso prorroga o pagamento do aux\u00edlio emergencial at\u00e9 abril deste ano, no valor de R$ 600 mensais. Ele tramita na C\u00e2mara dos Deputados e precisa ser aprovado pela C\u00e2mara e pelo Senado e sancionada pelo presidente Jair Bolsonaro (sem partido) para entrar em vigor.<\/p>\n<p>O aux\u00edlio foi criado em abril do ano passado como medida de enfrentamento aos efeitos da pandemia de covid-19 para os trabalhadores, sobretudo informais e desempregados. Foram cinco parcelas de R$ 600 e quatro de R$ 300 (mulheres chefes de fam\u00edlia receberam o dobro).<\/p>\n<p>O programa foi extinto em 31 de dezembro, restando apenas pagamentos residuais neste m\u00eas. H\u00e1 discuss\u00f5es na sociedade e no Parlamento sobre a prorroga\u00e7\u00e3o do programa, com a alta de casos de covid-19 neste in\u00edcio de ano, mas o governo Bolsonaro n\u00e3o d\u00e1 sinais de que v\u00e1 continuar com o programa.<\/p>\n<p>Autor do projeto, o deputado Chiquinho Braz\u00e3o (Avante-RJ) avalia que as vantagens sociais e econ\u00f4micas trazidas pelo aux\u00edlio emergencial devem ser mantidas. &#8220;Ainda que de forma tempor\u00e1ria, o benef\u00edcio contribuiu para reduzir o \u00edndice de pobreza da popula\u00e7\u00e3o e para manter a atividade econ\u00f4mica&#8221;, diz Braz\u00e3o.<\/p>\n<p><strong>STF <\/strong><\/p>\n<p>Uma liminar concedida pelo ministro Ricardo Lewandowski, do Supremo Tribunal Federal (STF), em 30 de dezembro de 2020, garantiu a prorroga\u00e7\u00e3o das medidas sanit\u00e1rias de enfrentamento \u00e0 pandemia, mas n\u00e3o prorrogou o decreto que reconheceu o estado de calamidade p\u00fablica nem o pagamento do aux\u00edlio emergencial.<\/p>\n<p>Na pr\u00e1tica, com o fim do estado de calamidade, o governo volta a ficar submetido \u00e0s imposi\u00e7\u00f5es da Lei de Responsabilidade Fiscal (LRF), sendo obrigado a cumprir metas de execu\u00e7\u00e3o do Or\u00e7amento e limites de endividamento e de gastos com pessoal, o que limita os recursos dispon\u00edveis para financiar pol\u00edticas de assist\u00eancia social e a\u00e7\u00f5es emergenciais na sa\u00fade e no setor produtivo.<\/p>\n<p>Fonte: UOL<\/p>\n","protected":false},"excerpt":{"rendered":"<p>Benef\u00edcio foi pago aos brasileiros at\u00e9 dezembro de 2020 Um projeto de lei apresentado no Congresso prorroga o pagamento do aux\u00edlio emergencial at\u00e9 abril deste&#8230;<\/p>\n","protected":false},"author":1182,"featured_media":17827,"comment_status":"closed","ping_status":"closed","sticky":false,"template":"","format":"standard","meta":{"footnotes":""},"categories":[6],"tags":[914,1757,432,204,1654,1014],"class_list":["post-33521","post","type-post","status-publish","format-standard","has-post-thumbnail","hentry","category-noticias","tag-abril","tag-auxilio","tag-emergencial","tag-pagamento","tag-prorrogacao","tag-stf"],"_links":{"self":[{"href":"https:\/\/www.sincomam.org.br\/index.php\/wp-json\/wp\/v2\/posts\/33521","targetHints":{"allow":["GET"]}}],"collection":[{"href":"https:\/\/www.sincomam.org.br\/index.php\/wp-json\/wp\/v2\/posts"}],"about":[{"href":"https:\/\/www.sincomam.org.br\/index.php\/wp-json\/wp\/v2\/types\/post"}],"author":[{"embeddable":true,"href":"https:\/\/www.sincomam.org.br\/index.php\/wp-json\/wp\/v2\/users\/1182"}],"replies":[{"embeddable":true,"href":"https:\/\/www.sincomam.org.br\/index.php\/wp-json\/wp\/v2\/comments?post=33521"}],"version-history":[{"count":1,"href":"https:\/\/www.sincomam.org.br\/index.php\/wp-json\/wp\/v2\/posts\/33521\/revisions"}],"predecessor-version":[{"id":33522,"href":"https:\/\/www.sincomam.org.br\/index.php\/wp-json\/wp\/v2\/posts\/33521\/revisions\/33522"}],"wp:featuredmedia":[{"embeddable":true,"href":"https:\/\/www.sincomam.org.br\/index.php\/wp-json\/wp\/v2\/media\/17827"}],"wp:attachment":[{"href":"https:\/\/www.sincomam.org.br\/index.php\/wp-json\/wp\/v2\/media?parent=33521"}],"wp:term":[{"taxonomy":"category","embeddable":true,"href":"https:\/\/www.sincomam.org.br\/index.php\/wp-json\/wp\/v2\/categories?post=33521"},{"taxonomy":"post_tag","embeddable":true,"href":"https:\/\/www.sincomam.org.br\/index.php\/wp-json\/wp\/v2\/tags?post=33521"}],"curies":[{"name":"wp","href":"https:\/\/api.w.org\/{rel}","templated":true}]}}