{"id":33519,"date":"2021-01-22T15:56:20","date_gmt":"2021-01-22T18:56:20","guid":{"rendered":"http:\/\/www.sincomam.org.br\/?p=33519"},"modified":"2021-01-22T15:56:20","modified_gmt":"2021-01-22T18:56:20","slug":"porto-de-natal-suspende-embarque-e-desembarque-de-conteineres-por-quatro-semanas","status":"publish","type":"post","link":"https:\/\/www.sincomam.org.br\/index.php\/porto-de-natal-suspende-embarque-e-desembarque-de-conteineres-por-quatro-semanas\/","title":{"rendered":"Porto de Natal suspende embarque e desembarque de cont\u00eaineres por quatro semanas"},"content":{"rendered":"<p><strong><em>Paralisa\u00e7\u00e3o decorre de problemas estruturais nas m\u00e1quinas que fazem a movimenta\u00e7\u00e3o das cargas entre o cais do porto e os navios<\/em><\/strong><\/p>\n<p>A Companhia Docas do Rio Grande do Norte (Codern) suspendeu nesta quinta-feira 21 as opera\u00e7\u00f5es de embarque e desembarque de cont\u00eaineres do Terminal Portu\u00e1rio de Natal por quatro semanas. A paralisa\u00e7\u00e3o decorre de problemas nas m\u00e1quinas que fazem a movimenta\u00e7\u00e3o das cargas entre o cais do porto e os navios.<\/p>\n<p>De acordo com a Codern, apesar do problema das m\u00e1quinas que movimentam os cont\u00eaineres, as demais atividades do Terminal Portu\u00e1rio n\u00e3o ser\u00e3o suspensas. A opera\u00e7\u00e3o de cargas de trigo e a\u00e7\u00facar, por exemplo, segue normalmente.<\/p>\n<p>Ainda segundo a Codern, as a\u00e7\u00f5es para que recupera\u00e7\u00e3o do maquin\u00e1rio foi iniciada para o rein\u00edcio das atividades. A expectativa \u00e9 de que os servi\u00e7os sejam retomados em quatro semanas.<\/p>\n<p><em>\u201cA diretoria da Codern participou de reuni\u00e3o, nesta quinta-feira (21), com representantes dos trabalhadores portu\u00e1rios para reafirmar seu respeito e preocupa\u00e7\u00e3o com a categoria. Por fim, esta Companhia mant\u00e9m o compromisso inalien\u00e1vel com o desenvolvimento do Brasil, do Estado do Rio Grande do Norte e da Cidade do Natal\u201d, disse a companhia, em nota oficial.<\/em><\/p>\n<p>Fonte: Agora RN<\/p>\n","protected":false},"excerpt":{"rendered":"<p>Paralisa\u00e7\u00e3o decorre de problemas estruturais nas m\u00e1quinas que fazem a movimenta\u00e7\u00e3o das cargas entre o cais do porto e os navios A Companhia Docas do&#8230;<\/p>\n","protected":false},"author":1182,"featured_media":5251,"comment_status":"closed","ping_status":"closed","sticky":false,"template":"","format":"standard","meta":{"footnotes":""},"categories":[6],"tags":[585,883,509,357,1239,80],"class_list":["post-33519","post","type-post","status-publish","format-standard","has-post-thumbnail","hentry","category-noticias","tag-conteineres","tag-desembarque","tag-embarque","tag-natal","tag-paralisacao","tag-porto"],"_links":{"self":[{"href":"https:\/\/www.sincomam.org.br\/index.php\/wp-json\/wp\/v2\/posts\/33519","targetHints":{"allow":["GET"]}}],"collection":[{"href":"https:\/\/www.sincomam.org.br\/index.php\/wp-json\/wp\/v2\/posts"}],"about":[{"href":"https:\/\/www.sincomam.org.br\/index.php\/wp-json\/wp\/v2\/types\/post"}],"author":[{"embeddable":true,"href":"https:\/\/www.sincomam.org.br\/index.php\/wp-json\/wp\/v2\/users\/1182"}],"replies":[{"embeddable":true,"href":"https:\/\/www.sincomam.org.br\/index.php\/wp-json\/wp\/v2\/comments?post=33519"}],"version-history":[{"count":1,"href":"https:\/\/www.sincomam.org.br\/index.php\/wp-json\/wp\/v2\/posts\/33519\/revisions"}],"predecessor-version":[{"id":33520,"href":"https:\/\/www.sincomam.org.br\/index.php\/wp-json\/wp\/v2\/posts\/33519\/revisions\/33520"}],"wp:featuredmedia":[{"embeddable":true,"href":"https:\/\/www.sincomam.org.br\/index.php\/wp-json\/wp\/v2\/media\/5251"}],"wp:attachment":[{"href":"https:\/\/www.sincomam.org.br\/index.php\/wp-json\/wp\/v2\/media?parent=33519"}],"wp:term":[{"taxonomy":"category","embeddable":true,"href":"https:\/\/www.sincomam.org.br\/index.php\/wp-json\/wp\/v2\/categories?post=33519"},{"taxonomy":"post_tag","embeddable":true,"href":"https:\/\/www.sincomam.org.br\/index.php\/wp-json\/wp\/v2\/tags?post=33519"}],"curies":[{"name":"wp","href":"https:\/\/api.w.org\/{rel}","templated":true}]}}