{"id":33513,"date":"2021-01-22T15:22:12","date_gmt":"2021-01-22T18:22:12","guid":{"rendered":"http:\/\/www.sincomam.org.br\/?p=33513"},"modified":"2021-01-22T15:22:12","modified_gmt":"2021-01-22T18:22:12","slug":"navio-gigante-da-marinha-atraca-no-porto-de-itajai-para-exercicios-militares","status":"publish","type":"post","link":"https:\/\/www.sincomam.org.br\/index.php\/navio-gigante-da-marinha-atraca-no-porto-de-itajai-para-exercicios-militares\/","title":{"rendered":"Navio gigante da Marinha atraca no Porto de Itaja\u00ed para exerc\u00edcios militares"},"content":{"rendered":"<p><strong><em>Atl\u00e2ntico A 140 vai ficar cidade at\u00e9 s\u00e1bado para treinamento dos aspirantes da Escola Naval<\/em><\/strong><\/p>\n<p>O maior navio da Marinha Brasileira atracou nesta quinta-feira (21) no Porto de Itaja\u00ed, no Litoral Norte do Estado. Com 30,4 metros de largura e 208,12 metros de comprimento, ele \u00e9 a maior embarca\u00e7\u00e3o a servi\u00e7o das For\u00e7as Armadas entre todos os pa\u00edses da Am\u00e9rica Latina.<\/p>\n<p>O Atl\u00e2ntico A 140 veio do Rio de Janeiro com 974 tripulantes, sendo que 250 s\u00e3o aspirantes a oficiais. O navio fica em Itaja\u00ed at\u00e9 o pr\u00f3ximo s\u00e1bado (23) e ser\u00e1 utilizado para exerc\u00edcios militares, como opera\u00e7\u00f5es com aeronaves, transfer\u00eancia de \u00f3leo combust\u00edvel e para manobras t\u00e1ticas entre embarca\u00e7\u00f5es.<\/p>\n<p>O delegado da Capitania dos Portos de Itaja\u00ed, o capit\u00e3o de fragata Eduardo Rodrigues de Paula, diz que esse tipo de experi\u00eancia \u00e9 importante para os aspirantes pelo fato de eles entenderem como \u00e9 a opera\u00e7\u00e3o do grande navio no mar, e tamb\u00e9m para conhecer os complexos e zonas portu\u00e1rias \u2014 como \u00e9 o caso de Itaja\u00ed e Navegantes.<\/p>\n<p>Apesar de o Atl\u00e2ntico A 140 ficar na cidade at\u00e9 s\u00e1bado, n\u00e3o haver\u00e1 visita\u00e7\u00e3o por conta dos protocolos de preven\u00e7\u00e3o \u00e0 Covid-19.<\/p>\n<p>Fonte: NSC Total \/ Foto: Luciano Sens &#8211; divulga\u00e7\u00e3o<\/p>\n","protected":false},"excerpt":{"rendered":"<p>Atl\u00e2ntico A 140 vai ficar cidade at\u00e9 s\u00e1bado para treinamento dos aspirantes da Escola Naval O maior navio da Marinha Brasileira atracou nesta quinta-feira (21)&#8230;<\/p>\n","protected":false},"author":1182,"featured_media":33514,"comment_status":"closed","ping_status":"closed","sticky":false,"template":"","format":"standard","meta":{"footnotes":""},"categories":[6],"tags":[4282,1257,291,1013,47,80,1143],"class_list":["post-33513","post","type-post","status-publish","format-standard","has-post-thumbnail","hentry","category-noticias","tag-aspirantes","tag-escola-naval","tag-itajai","tag-marinha-do-brasil","tag-navio","tag-porto","tag-treinamento"],"_links":{"self":[{"href":"https:\/\/www.sincomam.org.br\/index.php\/wp-json\/wp\/v2\/posts\/33513","targetHints":{"allow":["GET"]}}],"collection":[{"href":"https:\/\/www.sincomam.org.br\/index.php\/wp-json\/wp\/v2\/posts"}],"about":[{"href":"https:\/\/www.sincomam.org.br\/index.php\/wp-json\/wp\/v2\/types\/post"}],"author":[{"embeddable":true,"href":"https:\/\/www.sincomam.org.br\/index.php\/wp-json\/wp\/v2\/users\/1182"}],"replies":[{"embeddable":true,"href":"https:\/\/www.sincomam.org.br\/index.php\/wp-json\/wp\/v2\/comments?post=33513"}],"version-history":[{"count":1,"href":"https:\/\/www.sincomam.org.br\/index.php\/wp-json\/wp\/v2\/posts\/33513\/revisions"}],"predecessor-version":[{"id":33515,"href":"https:\/\/www.sincomam.org.br\/index.php\/wp-json\/wp\/v2\/posts\/33513\/revisions\/33515"}],"wp:featuredmedia":[{"embeddable":true,"href":"https:\/\/www.sincomam.org.br\/index.php\/wp-json\/wp\/v2\/media\/33514"}],"wp:attachment":[{"href":"https:\/\/www.sincomam.org.br\/index.php\/wp-json\/wp\/v2\/media?parent=33513"}],"wp:term":[{"taxonomy":"category","embeddable":true,"href":"https:\/\/www.sincomam.org.br\/index.php\/wp-json\/wp\/v2\/categories?post=33513"},{"taxonomy":"post_tag","embeddable":true,"href":"https:\/\/www.sincomam.org.br\/index.php\/wp-json\/wp\/v2\/tags?post=33513"}],"curies":[{"name":"wp","href":"https:\/\/api.w.org\/{rel}","templated":true}]}}