{"id":33506,"date":"2021-01-22T14:55:31","date_gmt":"2021-01-22T17:55:31","guid":{"rendered":"http:\/\/www.sincomam.org.br\/?p=33506"},"modified":"2021-01-22T15:15:53","modified_gmt":"2021-01-22T18:15:53","slug":"sao-paulo-ultrapassou-a-marca-de-50-mil-mortes-por-covid-19","status":"publish","type":"post","link":"https:\/\/www.sincomam.org.br\/index.php\/sao-paulo-ultrapassou-a-marca-de-50-mil-mortes-por-covid-19\/","title":{"rendered":"S\u00e3o Paulo ultrapassou a marca de 50 mil mortes por Covid-19"},"content":{"rendered":"<p><strong><em>Leitos de Unidade de Terapia Intensiva (UTI) no estado podem esgotar sua capacidade em 28 dias<\/em><\/strong><\/p>\n<p>Ap\u00f3s piora elevada nos indicadores da Covid-19 no estado de S\u00e3o Paulo, o governador Jo\u00e3o Doria anunciou nesta sexta-feira (22) regras mais restritivas de isolamento social, e determinou que todo o estado fique na fase vermelha do plano de flexibiliza\u00e7\u00e3o econ\u00f4mica aos finais de semana e feriados. Nos dias \u00fateis, a fase vermelha valer\u00e1 das 20h \u00e0s 6h.<\/p>\n<p>Segundo Doria, durante coletiva de imprensa, nesta fase, apenas servi\u00e7os essenciais como padarias, mercados e farm\u00e1cias, podem operar. Bares, restaurantes e com\u00e9rcio n\u00e3o poder\u00e3o funcionar. A\u00a0medida entra em vigor no feriado da pr\u00f3xima segunda-feira (25), data em que a cidade celebra seu 467\u00ba anivers\u00e1rio.<\/p>\n<p>O governo de S\u00e3o Paulo tamb\u00e9m anunciou que as cirurgias eletivas est\u00e3o canceladas em todos os hospitais p\u00fablicos e conveniados do estado e o Hospital de Campanha de Heli\u00f3polis, na capital, ser\u00e1 reativado.<\/p>\n<p>O coordenador Executivo do Centro de Conting\u00eancia da Covid-19, Jo\u00e3o Gabbardo, alertou que o estado de S\u00e3o Paulo registra um \u00f3bito pela Covid-19 a cada seis minutos e que, por isso, as mudan\u00e7as s\u00e3o necess\u00e1rias.<\/p>\n<p><strong>Vacina<\/strong><\/p>\n<p>O estado de S\u00e3o Paulo vacinou 79.137 mil pessoas contra Covid-19. Os dados s\u00e3o <a href=\"https:\/\/www.saopaulo.sp.gov.br\/\" target=\"_blank\" rel=\"noopener noreferrer\"><strong>do Vacin\u00f4metro,<\/strong><\/a> ferramenta digital, que permite a qualquer pessoa acompanhar em tempo real o n\u00famero de popula\u00e7\u00e3o vacinada no estado.<\/p>\n<p><strong>Retorno \u00e0s aulas<\/strong><\/p>\n<p>O Governador Jo\u00e3o Doria anunciou nesta sexta-feira (22) que o retorno dos estudantes nas escolas para as aulas presenciais de todas as redes do Estado ser\u00e1 opcional nas fases vermelha e laranja, mais restritivas do Plano SP.<\/p>\n<p><em>\u201cEduca\u00e7\u00e3o continua sendo prioridade e atividade essencial. Nossas escolas estar\u00e3o abertas para dar todas as informa\u00e7\u00f5es \u00e0s fam\u00edlias a partir de 1\u00ba de fevereiro. E com aulas para nossos estudantes da rede estadual a partir de 8 de fevereiro. J\u00e1 as redes municipais e privadas podem manter seus calend\u00e1rios\u201d, destacou o Secret\u00e1rio de Estado da Educa\u00e7\u00e3o do Estado, Rossieli Soares, em coletiva nesta sexta.<\/em><\/p>\n<p>O Governo adiou a volta \u00e0s aulas presenciais na rede estadual para 08 de fevereiro e escolas particulares est\u00e3o autorizadas a manter retorno em 01 de fevereiro.<\/p>\n<p>*Com informa\u00e7\u00f5es do GOV.SP<\/p>\n","protected":false},"excerpt":{"rendered":"<p>Leitos de Unidade de Terapia Intensiva (UTI) no estado podem esgotar sua capacidade em 28 dias Ap\u00f3s piora elevada nos indicadores da Covid-19 no estado&#8230;<\/p>\n","protected":false},"author":1182,"featured_media":30452,"comment_status":"closed","ping_status":"closed","sticky":false,"template":"","format":"standard","meta":{"footnotes":""},"categories":[6],"tags":[2786,858,2752,2751,99,1220,964,192,2888,1460,4281,4279,1756,2774,1077,366,1258,4280],"class_list":["post-33506","post","type-post","status-publish","format-standard","has-post-thumbnail","hentry","category-noticias","tag-aulas","tag-campanha","tag-coronavirus","tag-covid-19","tag-estudantes","tag-fase","tag-feriado","tag-governo","tag-hospital","tag-infectados","tag-laranja","tag-leito","tag-morte","tag-restricao","tag-retorno","tag-sao-paulo","tag-uti","tag-vermelha"],"_links":{"self":[{"href":"https:\/\/www.sincomam.org.br\/index.php\/wp-json\/wp\/v2\/posts\/33506","targetHints":{"allow":["GET"]}}],"collection":[{"href":"https:\/\/www.sincomam.org.br\/index.php\/wp-json\/wp\/v2\/posts"}],"about":[{"href":"https:\/\/www.sincomam.org.br\/index.php\/wp-json\/wp\/v2\/types\/post"}],"author":[{"embeddable":true,"href":"https:\/\/www.sincomam.org.br\/index.php\/wp-json\/wp\/v2\/users\/1182"}],"replies":[{"embeddable":true,"href":"https:\/\/www.sincomam.org.br\/index.php\/wp-json\/wp\/v2\/comments?post=33506"}],"version-history":[{"count":6,"href":"https:\/\/www.sincomam.org.br\/index.php\/wp-json\/wp\/v2\/posts\/33506\/revisions"}],"predecessor-version":[{"id":33512,"href":"https:\/\/www.sincomam.org.br\/index.php\/wp-json\/wp\/v2\/posts\/33506\/revisions\/33512"}],"wp:featuredmedia":[{"embeddable":true,"href":"https:\/\/www.sincomam.org.br\/index.php\/wp-json\/wp\/v2\/media\/30452"}],"wp:attachment":[{"href":"https:\/\/www.sincomam.org.br\/index.php\/wp-json\/wp\/v2\/media?parent=33506"}],"wp:term":[{"taxonomy":"category","embeddable":true,"href":"https:\/\/www.sincomam.org.br\/index.php\/wp-json\/wp\/v2\/categories?post=33506"},{"taxonomy":"post_tag","embeddable":true,"href":"https:\/\/www.sincomam.org.br\/index.php\/wp-json\/wp\/v2\/tags?post=33506"}],"curies":[{"name":"wp","href":"https:\/\/api.w.org\/{rel}","templated":true}]}}