{"id":33504,"date":"2021-01-22T14:08:33","date_gmt":"2021-01-22T17:08:33","guid":{"rendered":"http:\/\/www.sincomam.org.br\/?p=33504"},"modified":"2021-01-22T14:08:33","modified_gmt":"2021-01-22T17:08:33","slug":"covid-19-brasil-soma-2141-mil-mortos-e-casos-confirmados-chegam-a-869-milhoes","status":"publish","type":"post","link":"https:\/\/www.sincomam.org.br\/index.php\/covid-19-brasil-soma-2141-mil-mortos-e-casos-confirmados-chegam-a-869-milhoes\/","title":{"rendered":"Covid-19: Brasil soma 214,1 mil mortos e casos confirmados chegam a 8,69 milh\u00f5es"},"content":{"rendered":"<p><strong><em>N\u00famero de pessoas recuperados \u00e9 de 7.580.741 pessoas, segundo o Minist\u00e9rio da Sa\u00fade<\/em><\/strong><\/p>\n<p>O total de pessoas que morreram de Covid-19 desde o in\u00edcio da pandemia no pa\u00eds chegou a 214.147 brasileiros, de acordo com o balan\u00e7o divulgado pelo Minist\u00e9rio da Sa\u00fade, na noite desta quinta-feira (21). Nas \u00faltimas 24 horas, foram registrados por equipes de sa\u00fade mais 1.316 mortes. Foi o segundo dia seguido com mais de 1.300 \u00f3bitos confirmados. H\u00e1 2.835 mortes em investiga\u00e7\u00e3o por equipes de sa\u00fade.<\/p>\n<p>O total de pessoas infectadas, desde o in\u00edcio da pandemia, pelo novo coronav\u00edrus subiu para 8.697.368. Entre ontem e hoje, as autoridades de sa\u00fade confirmaram 59.119 novos diagn\u00f3sticos positivos de covid-19.<\/p>\n<p>Ainda restam 902.480 pessoas com casos ativos em acompanhamento. O n\u00famero de pessoas recuperadas da doen\u00e7a \u00e9 de 7.580.741.<\/p>\n<p><strong>Estados<\/strong><\/p>\n<p>Na lista de estados com mais mortes, S\u00e3o Paulo ocupa a primeira posi\u00e7\u00e3o (50.938), seguido por Rio de Janeiro (28.440), Minas Gerais (13.891), Cear\u00e1 (10.261) e Pernambuco (10.133). As unidades da Federa\u00e7\u00e3o com menos \u00f3bitos s\u00e3o Roraima (819), Acre (844), Amap\u00e1 (1.019), Tocantins (1.334) e Rond\u00f4nia (2.070).<\/p>\n<p>Em n\u00famero de casos, S\u00e3o Paulo tamb\u00e9m lidera (1,67 milh\u00e3o), seguido por Minas Gerais (668,2 mil), Bahia (553,7 mil), Santa Catarina (552,3 mil) e Rio Grande do Sul (520,3 mil).<\/p>\n<p>*Com informa\u00e7\u00f5es do Minist\u00e9rio da Sa\u00fade<\/p>\n","protected":false},"excerpt":{"rendered":"<p>N\u00famero de pessoas recuperados \u00e9 de 7.580.741 pessoas, segundo o Minist\u00e9rio da Sa\u00fade O total de pessoas que morreram de Covid-19 desde o in\u00edcio da&#8230;<\/p>\n","protected":false},"author":1182,"featured_media":28629,"comment_status":"closed","ping_status":"closed","sticky":false,"template":"","format":"standard","meta":{"footnotes":""},"categories":[6],"tags":[61,2752,2751,1460,623,2755,3245],"class_list":["post-33504","post","type-post","status-publish","format-standard","has-post-thumbnail","hentry","category-noticias","tag-brasil","tag-coronavirus","tag-covid-19","tag-infectados","tag-mortos","tag-pandemia","tag-recuperados"],"_links":{"self":[{"href":"https:\/\/www.sincomam.org.br\/index.php\/wp-json\/wp\/v2\/posts\/33504","targetHints":{"allow":["GET"]}}],"collection":[{"href":"https:\/\/www.sincomam.org.br\/index.php\/wp-json\/wp\/v2\/posts"}],"about":[{"href":"https:\/\/www.sincomam.org.br\/index.php\/wp-json\/wp\/v2\/types\/post"}],"author":[{"embeddable":true,"href":"https:\/\/www.sincomam.org.br\/index.php\/wp-json\/wp\/v2\/users\/1182"}],"replies":[{"embeddable":true,"href":"https:\/\/www.sincomam.org.br\/index.php\/wp-json\/wp\/v2\/comments?post=33504"}],"version-history":[{"count":1,"href":"https:\/\/www.sincomam.org.br\/index.php\/wp-json\/wp\/v2\/posts\/33504\/revisions"}],"predecessor-version":[{"id":33505,"href":"https:\/\/www.sincomam.org.br\/index.php\/wp-json\/wp\/v2\/posts\/33504\/revisions\/33505"}],"wp:featuredmedia":[{"embeddable":true,"href":"https:\/\/www.sincomam.org.br\/index.php\/wp-json\/wp\/v2\/media\/28629"}],"wp:attachment":[{"href":"https:\/\/www.sincomam.org.br\/index.php\/wp-json\/wp\/v2\/media?parent=33504"}],"wp:term":[{"taxonomy":"category","embeddable":true,"href":"https:\/\/www.sincomam.org.br\/index.php\/wp-json\/wp\/v2\/categories?post=33504"},{"taxonomy":"post_tag","embeddable":true,"href":"https:\/\/www.sincomam.org.br\/index.php\/wp-json\/wp\/v2\/tags?post=33504"}],"curies":[{"name":"wp","href":"https:\/\/api.w.org\/{rel}","templated":true}]}}