{"id":33500,"date":"2021-01-22T13:46:31","date_gmt":"2021-01-22T16:46:31","guid":{"rendered":"http:\/\/www.sincomam.org.br\/?p=33500"},"modified":"2021-01-22T13:46:31","modified_gmt":"2021-01-22T16:46:31","slug":"distribuicao-de-vacinas-da-astrazeneca-deve-comecar-neste-sabado","status":"publish","type":"post","link":"https:\/\/www.sincomam.org.br\/index.php\/distribuicao-de-vacinas-da-astrazeneca-deve-comecar-neste-sabado\/","title":{"rendered":"Distribui\u00e7\u00e3o de vacinas da AstraZeneca deve come\u00e7ar neste s\u00e1bado"},"content":{"rendered":"<p><strong><em>Os 2 milh\u00f5es de doses ser\u00e3o enviadas amanh\u00e3 aos estados<\/em><\/strong><\/p>\n<p>Os 2 milh\u00f5es de doses da AstraZeneca contra a covid-19 que devem chegar da \u00cdndia nesta sexta-feira (22) ser\u00e3o distribu\u00eddas aos estados a partir da tarde de s\u00e1bado (23). Segundo o presidente Jair Bolsonaro, a For\u00e7a A\u00e9rea Brasileira est\u00e1 \u00e0 disposi\u00e7\u00e3o para agilizar a distribui\u00e7\u00e3o da vacina pelo pa\u00eds.<\/p>\n<p><em>\u201cPode ter certeza que a Aeron\u00e1utica est\u00e1 a\u00ed para servir o Brasil e essa vacina, se chegar hoje \u00e0 noite, amanh\u00e3 come\u00e7a a chegar a seus destinos\u201d, disse Bolsonaro.<\/em><\/p>\n<p>Bolsonaro falou com a imprensa ao deixar o Pal\u00e1cio da Alvorada, ap\u00f3s caf\u00e9 da manh\u00e3 com parlamentares na resid\u00eancia oficial. Ele reafirmou que a vacina\u00e7\u00e3o n\u00e3o ser\u00e1 obrigat\u00f3ria e recomendou que as pessoas leiam os estudos dos imunizantes.<\/p>\n<p><em>\u201cEla tem que ser volunt\u00e1ria, afinal de contas n\u00e3o est\u00e1 nada comprovado cientificamente com essa vacina ainda. E pe\u00e7o que o pessoal leia o contrato com a empresa para tomar p\u00e9 de onde chegaram as pesquisas e porque n\u00e3o se concluiu ainda dizendo que uma vacina \u00e9 perfeitamente eficaz. Pelo que tudo indica, segundo a Anvisa, ela vai ajudar que casos graves n\u00e3o ocorram no Brasil, para quem for vacinado\u201d, afirmou.<\/em><\/p>\n<p><strong>AstraZeneca<\/strong><\/p>\n<p>As vacinas devem chegar ao Brasil nesta sexta-feira, no fim da tarde. A carga vinda da \u00cdndia ser\u00e1 transportada em voo comercial da companhia Emirates ao aeroporto de Guarulhos e, ap\u00f3s os tr\u00e2mites alfandeg\u00e1rios, seguir\u00e1 em aeronave da Azul para o Aeroporto internacional Tom Jobim, no Rio de janeiro.<\/p>\n<p>De acordo com a Fiocruz, assim que chegarem \u00e0 institui\u00e7\u00e3o, as vacinas passar\u00e3o por checagem de qualidade e seguran\u00e7a, al\u00e9m de rotulagem, com etiquetagem das caixas com informa\u00e7\u00f5es em portugu\u00eas. A previs\u00e3o \u00e9 que esse processo seja realizado at\u00e9 manh\u00e3 de s\u00e1bado (23) por equipes treinadas em boas pr\u00e1ticas de produ\u00e7\u00e3o. As vacinas devem ser liberadas para distribui\u00e7\u00e3o no per\u00edodo da tarde.<\/p>\n<p><em>\u201cAo longo de todo o trajeto at\u00e9 Bio-Manguinhos\/Fiocruz, as vacinas estar\u00e3o armazenadas em seis caixas do tipo pallets, que ser\u00e3o acondicionadas em envirotainers, pequenos containers utilizados para transportes de carga que necessita de controle de temperatura. Nesses envirotainers, as vacinas ser\u00e3o mantidas na temperatura entre 2 a 8\u00baC\u201d, informou a Fiocruz.<\/em><\/p>\n<p>Fonte: Ag\u00eancia Brasil<\/p>\n","protected":false},"excerpt":{"rendered":"<p>Os 2 milh\u00f5es de doses ser\u00e3o enviadas amanh\u00e3 aos estados Os 2 milh\u00f5es de doses da AstraZeneca contra a covid-19 que devem chegar da \u00cdndia&#8230;<\/p>\n","protected":false},"author":1182,"featured_media":29316,"comment_status":"closed","ping_status":"closed","sticky":false,"template":"","format":"standard","meta":{"footnotes":""},"categories":[6],"tags":[61,2752,2751,956,3884,674],"class_list":["post-33500","post","type-post","status-publish","format-standard","has-post-thumbnail","hentry","category-noticias","tag-brasil","tag-coronavirus","tag-covid-19","tag-distribuicao","tag-oxford-astrazeneca","tag-vacina"],"_links":{"self":[{"href":"https:\/\/www.sincomam.org.br\/index.php\/wp-json\/wp\/v2\/posts\/33500","targetHints":{"allow":["GET"]}}],"collection":[{"href":"https:\/\/www.sincomam.org.br\/index.php\/wp-json\/wp\/v2\/posts"}],"about":[{"href":"https:\/\/www.sincomam.org.br\/index.php\/wp-json\/wp\/v2\/types\/post"}],"author":[{"embeddable":true,"href":"https:\/\/www.sincomam.org.br\/index.php\/wp-json\/wp\/v2\/users\/1182"}],"replies":[{"embeddable":true,"href":"https:\/\/www.sincomam.org.br\/index.php\/wp-json\/wp\/v2\/comments?post=33500"}],"version-history":[{"count":1,"href":"https:\/\/www.sincomam.org.br\/index.php\/wp-json\/wp\/v2\/posts\/33500\/revisions"}],"predecessor-version":[{"id":33501,"href":"https:\/\/www.sincomam.org.br\/index.php\/wp-json\/wp\/v2\/posts\/33500\/revisions\/33501"}],"wp:featuredmedia":[{"embeddable":true,"href":"https:\/\/www.sincomam.org.br\/index.php\/wp-json\/wp\/v2\/media\/29316"}],"wp:attachment":[{"href":"https:\/\/www.sincomam.org.br\/index.php\/wp-json\/wp\/v2\/media?parent=33500"}],"wp:term":[{"taxonomy":"category","embeddable":true,"href":"https:\/\/www.sincomam.org.br\/index.php\/wp-json\/wp\/v2\/categories?post=33500"},{"taxonomy":"post_tag","embeddable":true,"href":"https:\/\/www.sincomam.org.br\/index.php\/wp-json\/wp\/v2\/tags?post=33500"}],"curies":[{"name":"wp","href":"https:\/\/api.w.org\/{rel}","templated":true}]}}