{"id":33492,"date":"2021-01-21T11:33:08","date_gmt":"2021-01-21T14:33:08","guid":{"rendered":"http:\/\/www.sincomam.org.br\/?p=33492"},"modified":"2021-01-21T11:57:33","modified_gmt":"2021-01-21T14:57:33","slug":"ciaga-completa-50-anos","status":"publish","type":"post","link":"https:\/\/www.sincomam.org.br\/index.php\/ciaga-completa-50-anos\/","title":{"rendered":"CIAGA completa 50 anos"},"content":{"rendered":"<p><strong><em>Autoridades participaram de inaugura\u00e7\u00e3o do outdoor alusivo ao anivers\u00e1rio da institui\u00e7\u00e3o<\/em><\/strong><\/p>\n<p>No dia 12 de janeiro, foi realizada a cerim\u00f4nia alusiva ao 50\u00ba Anivers\u00e1rio do Centro de Instru\u00e7\u00e3o Almirante Gra\u00e7a Aranha (CIAGA), no Rio de Janeiro. Na ocasi\u00e3o, ocorreu a inaugura\u00e7\u00e3o de um novo outdoor e a apresenta\u00e7\u00e3o do filmete institucional do CIAGA.<\/p>\n<p>Estiveram presentes \u00e0 cerim\u00f4nia, dentre outras Autoridades, o Almirante de Esquadra Arnaldo Leite Pereira (Comandante entre 1986\/88) e o Almirante de Esquadra Hernani Goulart Fortuna (Comandante entre 1981\/83).<\/p>\n<p>Al\u00e9m da cerim\u00f4nia, o CIAGA informou que ser\u00e3o realizados diversos eventos e a\u00e7\u00f5es ao longo de 2021, abordando datas relevantes para o Setor de Navega\u00e7\u00e3o da Marinha, por meio de produtos formatados para as m\u00eddias sociais, enaltecendo a import\u00e2ncia do Poder Mar\u00edtimo para o Pa\u00eds, com foco nos profissionais que movimentam a Economia Azul. \u201cO objetivo \u00e9 atingir os v\u00e1rios atores do Setor Mar\u00edtimo, contribuindo para a intera\u00e7\u00e3o sin\u00e9rgica e harmonizada dessas organiza\u00e7\u00f5es\u201d, conforme conte\u00fado divulgado no site da Marinha.<\/p>\n<p>O lema do Jubileu de Ouro \u00e9 \u201cO Futuro do Brasil Est\u00e1 no Mar\u201d, que busca ressaltar a import\u00e2ncia do Ensino Profissional Mar\u00edtimo (EPM) para o desenvolvimento do Pa\u00eds.<\/p>\n<p>*Com informa\u00e7\u00f5es do CIAGA \/ Foto: divulga\u00e7\u00e3o MB<\/p>\n","protected":false},"excerpt":{"rendered":"<p>Autoridades participaram de inaugura\u00e7\u00e3o do outdoor alusivo ao anivers\u00e1rio da institui\u00e7\u00e3o No dia 12 de janeiro, foi realizada a cerim\u00f4nia alusiva ao 50\u00ba Anivers\u00e1rio do&#8230;<\/p>\n","protected":false},"author":1182,"featured_media":33493,"comment_status":"closed","ping_status":"closed","sticky":false,"template":"","format":"standard","meta":{"footnotes":""},"categories":[6],"tags":[4277,16,20,4278],"class_list":["post-33492","post","type-post","status-publish","format-standard","has-post-thumbnail","hentry","category-noticias","tag-50-anos","tag-ciaga","tag-comemoracao","tag-jubileu-de-ouro"],"_links":{"self":[{"href":"https:\/\/www.sincomam.org.br\/index.php\/wp-json\/wp\/v2\/posts\/33492","targetHints":{"allow":["GET"]}}],"collection":[{"href":"https:\/\/www.sincomam.org.br\/index.php\/wp-json\/wp\/v2\/posts"}],"about":[{"href":"https:\/\/www.sincomam.org.br\/index.php\/wp-json\/wp\/v2\/types\/post"}],"author":[{"embeddable":true,"href":"https:\/\/www.sincomam.org.br\/index.php\/wp-json\/wp\/v2\/users\/1182"}],"replies":[{"embeddable":true,"href":"https:\/\/www.sincomam.org.br\/index.php\/wp-json\/wp\/v2\/comments?post=33492"}],"version-history":[{"count":4,"href":"https:\/\/www.sincomam.org.br\/index.php\/wp-json\/wp\/v2\/posts\/33492\/revisions"}],"predecessor-version":[{"id":33497,"href":"https:\/\/www.sincomam.org.br\/index.php\/wp-json\/wp\/v2\/posts\/33492\/revisions\/33497"}],"wp:featuredmedia":[{"embeddable":true,"href":"https:\/\/www.sincomam.org.br\/index.php\/wp-json\/wp\/v2\/media\/33493"}],"wp:attachment":[{"href":"https:\/\/www.sincomam.org.br\/index.php\/wp-json\/wp\/v2\/media?parent=33492"}],"wp:term":[{"taxonomy":"category","embeddable":true,"href":"https:\/\/www.sincomam.org.br\/index.php\/wp-json\/wp\/v2\/categories?post=33492"},{"taxonomy":"post_tag","embeddable":true,"href":"https:\/\/www.sincomam.org.br\/index.php\/wp-json\/wp\/v2\/tags?post=33492"}],"curies":[{"name":"wp","href":"https:\/\/api.w.org\/{rel}","templated":true}]}}