{"id":33485,"date":"2021-01-21T10:41:46","date_gmt":"2021-01-21T13:41:46","guid":{"rendered":"http:\/\/www.sincomam.org.br\/?p=33485"},"modified":"2021-01-21T10:41:46","modified_gmt":"2021-01-21T13:41:46","slug":"movimentacao-de-conteineres-nos-portos-por-cabotagem-cresceu-185-de-2010-a-2019","status":"publish","type":"post","link":"https:\/\/www.sincomam.org.br\/index.php\/movimentacao-de-conteineres-nos-portos-por-cabotagem-cresceu-185-de-2010-a-2019\/","title":{"rendered":"Movimenta\u00e7\u00e3o de cont\u00eaineres nos portos por cabotagem cresceu 185% de 2010 a 2019"},"content":{"rendered":"<p>A navega\u00e7\u00e3o de cabotagem tem estado na ordem do dia no Brasil devido ao Projeto de Lei (PL 4199\/2020), BR do Mar, previsto para ser apreciado no Senado Federal em fevereiro deste ano.<\/p>\n<p>O objetivo do PL \u00e9 acelerar o crescimento da cabotagem no pa\u00eds, especialmente para longas dist\u00e2ncias. Isso porque a navega\u00e7\u00e3o entre portos de dentro do territ\u00f3rio nacional j\u00e1 vem crescendo em m\u00e9dia 13% ao ano. A previs\u00e3o do governo federal \u00e9 que o projeto possibilite um crescimento de 40% na movimenta\u00e7\u00e3o de cabotagem no pa\u00eds.<\/p>\n<p>Conforme dados da Ag\u00eancia Nacional de Transportes Aquavi\u00e1rios (Antaq), de 2010 a 2019, o crescimento da cabotagem brasileira, especificamente na movimenta\u00e7\u00e3o de cont\u00eaineres \u2013 carro chefe desta navega\u00e7\u00e3o \u2013 foi de 185%.<\/p>\n<p>Em 2010 embarcaram ou desembarcaram por cabotagem nos portos do pa\u00eds pouco mais de 1,1 milh\u00e3o de TEUs. J\u00e1 em 2019, esse n\u00famero alcan\u00e7ou a ordem dos 3,1 milh\u00f5es de TEUs. Isso significa um crescimento m\u00e9dio anual (CAGR) em cont\u00eaineres de 12,3%.<\/p>\n<p>Ainda segundo dados da ag\u00eancia, de janeiro a outubro de 2020 houve um crescimento de 1,25% na movimenta\u00e7\u00e3o de cont\u00eaineres por cabotagem, em rela\u00e7\u00e3o ao mesmo per\u00edodo de 2019. Foram movimentados um total de pouco mais de 2,6 TEUs, considerando tanto o embarque quanto o desembarque.<\/p>\n<p>Entre as principais medidas propostas pela PL est\u00e1 o aumento imediato da frota de cabotagem, com a cria\u00e7\u00e3o de novas possibilidades de afretamento a tempo e a desvincula\u00e7\u00e3o do afretamento a casco nu, com a exist\u00eancia de lastro em embarca\u00e7\u00f5es de bandeira brasileira ap\u00f3s per\u00edodo de transi\u00e7\u00e3o.<\/p>\n<p>De acordo com a Associa\u00e7\u00e3o Brasileira de Armadores de Cabotagem (Abac), a frota atual de embarca\u00e7\u00f5es de propriedade das associadas \u00e9 de 34 embarca\u00e7\u00f5es. Por\u00e9m, conforme permite a legisla\u00e7\u00e3o vigente, outras 12 s\u00e3o afretadas a casco nu baseada na tonelagem de frota das Empresas Brasileiras de Navega\u00e7\u00e3o (EBN). Outras embarca\u00e7\u00f5es s\u00e3o afretadas a tempo para uma viagem de acordo com a demanda dos usu\u00e1rios.<\/p>\n<p>Fonte: ABOL<\/p>\n","protected":false},"excerpt":{"rendered":"<p>A navega\u00e7\u00e3o de cabotagem tem estado na ordem do dia no Brasil devido ao Projeto de Lei (PL 4199\/2020), BR do Mar, previsto para ser&#8230;<\/p>\n","protected":false},"author":1182,"featured_media":32876,"comment_status":"closed","ping_status":"closed","sticky":false,"template":"","format":"standard","meta":{"footnotes":""},"categories":[6],"tags":[4237,301,82,585,170,237,69],"class_list":["post-33485","post","type-post","status-publish","format-standard","has-post-thumbnail","hentry","category-noticias","tag-abac","tag-antaq","tag-cabotagem","tag-conteineres","tag-crescimento","tag-movimentacao","tag-portos"],"_links":{"self":[{"href":"https:\/\/www.sincomam.org.br\/index.php\/wp-json\/wp\/v2\/posts\/33485","targetHints":{"allow":["GET"]}}],"collection":[{"href":"https:\/\/www.sincomam.org.br\/index.php\/wp-json\/wp\/v2\/posts"}],"about":[{"href":"https:\/\/www.sincomam.org.br\/index.php\/wp-json\/wp\/v2\/types\/post"}],"author":[{"embeddable":true,"href":"https:\/\/www.sincomam.org.br\/index.php\/wp-json\/wp\/v2\/users\/1182"}],"replies":[{"embeddable":true,"href":"https:\/\/www.sincomam.org.br\/index.php\/wp-json\/wp\/v2\/comments?post=33485"}],"version-history":[{"count":1,"href":"https:\/\/www.sincomam.org.br\/index.php\/wp-json\/wp\/v2\/posts\/33485\/revisions"}],"predecessor-version":[{"id":33486,"href":"https:\/\/www.sincomam.org.br\/index.php\/wp-json\/wp\/v2\/posts\/33485\/revisions\/33486"}],"wp:featuredmedia":[{"embeddable":true,"href":"https:\/\/www.sincomam.org.br\/index.php\/wp-json\/wp\/v2\/media\/32876"}],"wp:attachment":[{"href":"https:\/\/www.sincomam.org.br\/index.php\/wp-json\/wp\/v2\/media?parent=33485"}],"wp:term":[{"taxonomy":"category","embeddable":true,"href":"https:\/\/www.sincomam.org.br\/index.php\/wp-json\/wp\/v2\/categories?post=33485"},{"taxonomy":"post_tag","embeddable":true,"href":"https:\/\/www.sincomam.org.br\/index.php\/wp-json\/wp\/v2\/tags?post=33485"}],"curies":[{"name":"wp","href":"https:\/\/api.w.org\/{rel}","templated":true}]}}