{"id":33483,"date":"2021-01-21T10:38:41","date_gmt":"2021-01-21T13:38:41","guid":{"rendered":"http:\/\/www.sincomam.org.br\/?p=33483"},"modified":"2021-01-21T10:38:41","modified_gmt":"2021-01-21T13:38:41","slug":"ministerios-da-infraestrutura-e-da-economia-definem-marcos-para-a-janela-unica-aquaviaria","status":"publish","type":"post","link":"https:\/\/www.sincomam.org.br\/index.php\/ministerios-da-infraestrutura-e-da-economia-definem-marcos-para-a-janela-unica-aquaviaria\/","title":{"rendered":"Minist\u00e9rios da Infraestrutura e da Economia definem marcos para a janela \u00fanica aquavi\u00e1ria"},"content":{"rendered":"<p>O secret\u00e1rio-Executivo do Minist\u00e9rio da Infraestrutura (MInfra), Marcelo Sampaio, se reuniu, nesta quarta-feira (20), com representantes do Minist\u00e9rio da Economia (ME), da Receita Federal, da Secretaria de Com\u00e9rcio Exterior (Secex) e do Servi\u00e7o Federal de Processamento de Dados (Serpro) para a apresenta\u00e7\u00e3o e aprova\u00e7\u00e3o do cronograma de implementa\u00e7\u00e3o da Janela \u00danica Aquavi\u00e1ria. Esse projeto se refere \u00e0 integra\u00e7\u00e3o de dois sistemas: Porto sem Papel (PSP), administrado pelo MInfra, e o Portal \u00danico de Com\u00e9rcio Exterior (Pucomex), administrado pela Receita e Secex.<\/p>\n<p><em>\u201cEsse \u00e9 um dos principais projetos de transforma\u00e7\u00e3o digital do MInfra. Demos mais um passo importante para a bandeira do Governo Federal, que \u00e9 desburocratizar e reduzir custos para o pa\u00eds. A unifica\u00e7\u00e3o desses dois sistemas ter\u00e1 um impacto positivo para o setor de log\u00edstica dos portos e com isso ir\u00e1 aumentar a competitividade do Brasil\u201d, afirmou Sampaio.<\/em><\/p>\n<p>O secret\u00e1rio lembrou ainda que a Janela \u00danica Aquavi\u00e1ria \u00e9 um projeto essencial para as pessoas jur\u00eddicas, e foi a oportunidade para realizar, de uma forma integrada, a reestrutura\u00e7\u00e3o dos processos de desembara\u00e7o de carga e dos processos log\u00edsticos.<\/p>\n<p><em>\u201cAcredito que facilitar a vida do trabalhador brasileiro trar\u00e1 ganhos para ambas as partes. Fizemos pesquisas com o setor, fomos at\u00e9 os portos e vimos quais eram os principais problemas para, assim, solucion\u00e1-los da melhor forma poss\u00edvel\u201d, finalizou.<\/em><\/p>\n<p>Al\u00e9m disso, o projeto reduzir\u00e1 o tempo de embarca\u00e7\u00f5es paradas aguardando autoriza\u00e7\u00f5es para atracar, revis\u00e3o de processos e agilizar\u00e1 a atua\u00e7\u00e3o dos trabalhadores portu\u00e1rios. \u201cHoje demos um grande passo para a transforma\u00e7\u00e3o digital do Brasil, todos os \u00f3rg\u00e3os est\u00e3o trabalhando em sinergia para o crescimento do pa\u00eds e para a promo\u00e7\u00e3o de um ambiente de neg\u00f3cios mais saud\u00e1vel\u201d, ressaltou o subsecret\u00e1rio de Gest\u00e3o Estrat\u00e9gica, Tecnologia e Inova\u00e7\u00e3o, Fernando Coelho.<\/p>\n<p>Fonte: Informativos dos Portos<\/p>\n","protected":false},"excerpt":{"rendered":"<p>O secret\u00e1rio-Executivo do Minist\u00e9rio da Infraestrutura (MInfra), Marcelo Sampaio, se reuniu, nesta quarta-feira (20), com representantes do Minist\u00e9rio da Economia (ME), da Receita Federal, da&#8230;<\/p>\n","protected":false},"author":1182,"featured_media":286,"comment_status":"closed","ping_status":"closed","sticky":false,"template":"","format":"standard","meta":{"footnotes":""},"categories":[6],"tags":[1063,2752,2751,3910,4276],"class_list":["post-33483","post","type-post","status-publish","format-standard","has-post-thumbnail","hentry","category-noticias","tag-aquaviario","tag-coronavirus","tag-covid-19","tag-ministerio-da-economia","tag-ministerios-da-infraestrutura"],"_links":{"self":[{"href":"https:\/\/www.sincomam.org.br\/index.php\/wp-json\/wp\/v2\/posts\/33483","targetHints":{"allow":["GET"]}}],"collection":[{"href":"https:\/\/www.sincomam.org.br\/index.php\/wp-json\/wp\/v2\/posts"}],"about":[{"href":"https:\/\/www.sincomam.org.br\/index.php\/wp-json\/wp\/v2\/types\/post"}],"author":[{"embeddable":true,"href":"https:\/\/www.sincomam.org.br\/index.php\/wp-json\/wp\/v2\/users\/1182"}],"replies":[{"embeddable":true,"href":"https:\/\/www.sincomam.org.br\/index.php\/wp-json\/wp\/v2\/comments?post=33483"}],"version-history":[{"count":1,"href":"https:\/\/www.sincomam.org.br\/index.php\/wp-json\/wp\/v2\/posts\/33483\/revisions"}],"predecessor-version":[{"id":33484,"href":"https:\/\/www.sincomam.org.br\/index.php\/wp-json\/wp\/v2\/posts\/33483\/revisions\/33484"}],"wp:featuredmedia":[{"embeddable":true,"href":"https:\/\/www.sincomam.org.br\/index.php\/wp-json\/wp\/v2\/media\/286"}],"wp:attachment":[{"href":"https:\/\/www.sincomam.org.br\/index.php\/wp-json\/wp\/v2\/media?parent=33483"}],"wp:term":[{"taxonomy":"category","embeddable":true,"href":"https:\/\/www.sincomam.org.br\/index.php\/wp-json\/wp\/v2\/categories?post=33483"},{"taxonomy":"post_tag","embeddable":true,"href":"https:\/\/www.sincomam.org.br\/index.php\/wp-json\/wp\/v2\/tags?post=33483"}],"curies":[{"name":"wp","href":"https:\/\/api.w.org\/{rel}","templated":true}]}}