{"id":33457,"date":"2021-01-19T14:11:43","date_gmt":"2021-01-19T17:11:43","guid":{"rendered":"http:\/\/www.sincomam.org.br\/?p=33457"},"modified":"2021-01-19T15:32:21","modified_gmt":"2021-01-19T18:32:21","slug":"profissionais-de-transporte-entram-em-grupo-prioritario-de-vacinacao-contra-a-covid-19","status":"publish","type":"post","link":"https:\/\/www.sincomam.org.br\/index.php\/profissionais-de-transporte-entram-em-grupo-prioritario-de-vacinacao-contra-a-covid-19\/","title":{"rendered":"Trabalhadores portu\u00e1rios entram em grupo priorit\u00e1rio de vacina\u00e7\u00e3o contra a Covid-19"},"content":{"rendered":"<p><em><strong>Trabalhadores dos setores a\u00e9reo, rodovi\u00e1rio, ferrovi\u00e1rio, portu\u00e1rio e aquavi\u00e1rio, ser\u00e3o priorizados pelo Minist\u00e9rio da Sa\u00fade<\/strong><\/em><\/p>\n<p>Os profissionais da \u00e1rea de transportes foram inclu\u00eddos no grupo priorit\u00e1rio na campanha de vacina\u00e7\u00e3o do Minist\u00e9rio da Sa\u00fade (MS) contra a Covid-19. Segundo nota do Minist\u00e9rio da Infraestrutura, entram nesta categoria trabalhadores em transportes terrestres, a\u00e9reo, ferrovi\u00e1rio, portu\u00e1rio e aquavi\u00e1rio.<\/p>\n<p>O <a href=\"https:\/\/www.conasems.org.br\/wp-content\/uploads\/2021\/01\/Informe_Tecnico_Vacina_COVID-19.pdf\" target=\"_blank\" rel=\"noopener noreferrer\"><strong>Informe T\u00e9cnico da vacina Covid-19<\/strong> <\/a>do Minist\u00e9rio da Sa\u00fade, publicado nesta segunda-feira (18), determina que entram na lista de prioridade os caminhoneiros; portu\u00e1rios, incluindo trabalhadores da \u00e1rea administrativa; funcion\u00e1rios das companhias a\u00e9reas nacionais; funcion\u00e1rios de empresas metroferrovi\u00e1rias de passageiros e de cargas; funcion\u00e1rios de empresas brasileiras de navega\u00e7\u00e3o; e motoristas e cobradores de transporte coletivo rodovi\u00e1rio de passageiros urbano e de longo curso.<\/p>\n<p><em>\u201cEsses profissionais ter\u00e3o o suporte do Governo Federal para garantir a vacina\u00e7\u00e3o como grupo priorit\u00e1rio e vamos garantir seguran\u00e7a e as condi\u00e7\u00f5es que eles precisam para continuar nas estradas, portos e ferrovias\u201d, afirmou, em nota, o ministro da Infraestrutura, Tarc\u00edsio Gomes de Freitas.<\/em><\/p>\n<p>Para se vacinar, os trabalhadores precisar\u00e3o comprovar, por meio de documenta\u00e7\u00e3o, que possuem v\u00ednculo ou fazem parte desses grupos.<\/p>\n<p>Em nota, o Minist\u00e9rio da Infraestrutura informou que \u201ca log\u00edstica e data para o in\u00edcio da vacina\u00e7\u00e3o desses grupos priorit\u00e1rios ainda ser\u00e1 divulgada pelo Minist\u00e9rio da Sa\u00fade.<\/p>\n<p>*Com informa\u00e7\u00f5es do MInfra<\/p>\n","protected":false},"excerpt":{"rendered":"<p>Trabalhadores dos setores a\u00e9reo, rodovi\u00e1rio, ferrovi\u00e1rio, portu\u00e1rio e aquavi\u00e1rio, ser\u00e3o priorizados pelo Minist\u00e9rio da Sa\u00fade Os profissionais da \u00e1rea de transportes foram inclu\u00eddos no grupo&#8230;<\/p>\n","protected":false},"author":1182,"featured_media":33458,"comment_status":"closed","ping_status":"closed","sticky":false,"template":"","format":"standard","meta":{"footnotes":""},"categories":[6],"tags":[4268,1063,858,3339,2752,2751,2796,4270,1181,2979,3569,69,1026,4271,4269,674],"class_list":["post-33457","post","type-post","status-publish","format-standard","has-post-thumbnail","hentry","category-noticias","tag-aereo","tag-aquaviario","tag-campanha","tag-coronavac","tag-coronavirus","tag-covid-19","tag-estradas","tag-ferroviario","tag-grupo","tag-ministerio-da-infraestrutura","tag-ministerio-da-saude","tag-portos","tag-portuario","tag-prioritario","tag-rodoviario","tag-vacina"],"_links":{"self":[{"href":"https:\/\/www.sincomam.org.br\/index.php\/wp-json\/wp\/v2\/posts\/33457","targetHints":{"allow":["GET"]}}],"collection":[{"href":"https:\/\/www.sincomam.org.br\/index.php\/wp-json\/wp\/v2\/posts"}],"about":[{"href":"https:\/\/www.sincomam.org.br\/index.php\/wp-json\/wp\/v2\/types\/post"}],"author":[{"embeddable":true,"href":"https:\/\/www.sincomam.org.br\/index.php\/wp-json\/wp\/v2\/users\/1182"}],"replies":[{"embeddable":true,"href":"https:\/\/www.sincomam.org.br\/index.php\/wp-json\/wp\/v2\/comments?post=33457"}],"version-history":[{"count":7,"href":"https:\/\/www.sincomam.org.br\/index.php\/wp-json\/wp\/v2\/posts\/33457\/revisions"}],"predecessor-version":[{"id":33473,"href":"https:\/\/www.sincomam.org.br\/index.php\/wp-json\/wp\/v2\/posts\/33457\/revisions\/33473"}],"wp:featuredmedia":[{"embeddable":true,"href":"https:\/\/www.sincomam.org.br\/index.php\/wp-json\/wp\/v2\/media\/33458"}],"wp:attachment":[{"href":"https:\/\/www.sincomam.org.br\/index.php\/wp-json\/wp\/v2\/media?parent=33457"}],"wp:term":[{"taxonomy":"category","embeddable":true,"href":"https:\/\/www.sincomam.org.br\/index.php\/wp-json\/wp\/v2\/categories?post=33457"},{"taxonomy":"post_tag","embeddable":true,"href":"https:\/\/www.sincomam.org.br\/index.php\/wp-json\/wp\/v2\/tags?post=33457"}],"curies":[{"name":"wp","href":"https:\/\/api.w.org\/{rel}","templated":true}]}}