{"id":33454,"date":"2021-01-19T13:44:26","date_gmt":"2021-01-19T16:44:26","guid":{"rendered":"http:\/\/www.sincomam.org.br\/?p=33454"},"modified":"2021-01-19T13:44:26","modified_gmt":"2021-01-19T16:44:26","slug":"covid-19-forcas-armadas-atuam-na-distribuicao-de-vacinas-pelo-pais","status":"publish","type":"post","link":"https:\/\/www.sincomam.org.br\/index.php\/covid-19-forcas-armadas-atuam-na-distribuicao-de-vacinas-pelo-pais\/","title":{"rendered":"Covid-19: For\u00e7as Armadas atuam na distribui\u00e7\u00e3o de vacinas pelo Pa\u00eds"},"content":{"rendered":"<p><strong><em>Militares realizam a\u00e7\u00e3o em apoio ao Minist\u00e9rio da Sa\u00fade<\/em><\/strong><\/p>\n<p>Nesta ter\u00e7a-feira (19), avi\u00f5es da For\u00e7a A\u00e9rea Brasileira (FAB), iniciaram a distribui\u00e7\u00e3o da vacina CoronaVac contra a Covid-19 por todo o Brasil. Segundo informa\u00e7\u00f5es do Minist\u00e9rio da Defesa, uma aeronave partiu de Bras\u00edlia em dire\u00e7\u00e3o a Tabatinga, munic\u00edpio do Amazonas, carregando 10 mil doses de vacinas contra o novo coronav\u00edrus. Esse lote, que em grande parte imunizar\u00e1 ind\u00edgenas, integra a carga para atender a Regi\u00e3o Norte.<\/p>\n<p><em>\u201cAaeronave prosseguiu para fazer novas entregas nas capitais de Roraima e de Rond\u00f4nia, Boa Vista e Porto Velho, respectivamente. J\u00e1 os imunizantes encaminhados para Tabatinga e tamb\u00e9m para a capital do Amap\u00e1, Macap\u00e1, foram transferidos para avi\u00f5es C-97, tamb\u00e9m da FAB\u201d, disse a Defesa, em nota.<\/em><\/p>\n<p><em>O porta-voz do Minist\u00e9rio da Defesa, Almirante Carlos Chagas, enfatizou que Marinha, Ex\u00e9rcito e Aeron\u00e1utica est\u00e3o \u00e0 frente de campanhas de vacina\u00e7\u00e3o. &#8220;O esfor\u00e7o \u00e9 grande. N\u00f3s, nesse primeiro momento, estamos atingindo 11 capitais brasileiras. Isso demonstra o comprometimento das For\u00e7as Armadas com a popula\u00e7\u00e3o brasileira&#8221;, destacou em nota publicada pela Defesa.<\/em><\/p>\n<p>O Plano Nacional de Vacina\u00e7\u00e3o, determina a coopera\u00e7\u00e3o do Minist\u00e9rio da Defesa com o Minist\u00e9rio da Sa\u00fade na distribui\u00e7\u00e3o de vacinas.<\/p>\n<p>Conforme o Minist\u00e9rio da Sa\u00fade, inicialmente, as vacinas s\u00e3o destinadas para imuniza\u00e7\u00e3o de pessoas de grupos de risco como ind\u00edgenas, idosos e profissionais de sa\u00fade.<\/p>\n","protected":false},"excerpt":{"rendered":"<p>Militares realizam a\u00e7\u00e3o em apoio ao Minist\u00e9rio da Sa\u00fade Nesta ter\u00e7a-feira (19), avi\u00f5es da For\u00e7a A\u00e9rea Brasileira (FAB), iniciaram a distribui\u00e7\u00e3o da vacina CoronaVac contra&#8230;<\/p>\n","protected":false},"author":1182,"featured_media":33455,"comment_status":"closed","ping_status":"closed","sticky":false,"template":"","format":"standard","meta":{"footnotes":""},"categories":[6],"tags":[1162,3339,2751,956,1161,674],"class_list":["post-33454","post","type-post","status-publish","format-standard","has-post-thumbnail","hentry","category-noticias","tag-armadas","tag-coronavac","tag-covid-19","tag-distribuicao","tag-forcas","tag-vacina"],"_links":{"self":[{"href":"https:\/\/www.sincomam.org.br\/index.php\/wp-json\/wp\/v2\/posts\/33454","targetHints":{"allow":["GET"]}}],"collection":[{"href":"https:\/\/www.sincomam.org.br\/index.php\/wp-json\/wp\/v2\/posts"}],"about":[{"href":"https:\/\/www.sincomam.org.br\/index.php\/wp-json\/wp\/v2\/types\/post"}],"author":[{"embeddable":true,"href":"https:\/\/www.sincomam.org.br\/index.php\/wp-json\/wp\/v2\/users\/1182"}],"replies":[{"embeddable":true,"href":"https:\/\/www.sincomam.org.br\/index.php\/wp-json\/wp\/v2\/comments?post=33454"}],"version-history":[{"count":1,"href":"https:\/\/www.sincomam.org.br\/index.php\/wp-json\/wp\/v2\/posts\/33454\/revisions"}],"predecessor-version":[{"id":33456,"href":"https:\/\/www.sincomam.org.br\/index.php\/wp-json\/wp\/v2\/posts\/33454\/revisions\/33456"}],"wp:featuredmedia":[{"embeddable":true,"href":"https:\/\/www.sincomam.org.br\/index.php\/wp-json\/wp\/v2\/media\/33455"}],"wp:attachment":[{"href":"https:\/\/www.sincomam.org.br\/index.php\/wp-json\/wp\/v2\/media?parent=33454"}],"wp:term":[{"taxonomy":"category","embeddable":true,"href":"https:\/\/www.sincomam.org.br\/index.php\/wp-json\/wp\/v2\/categories?post=33454"},{"taxonomy":"post_tag","embeddable":true,"href":"https:\/\/www.sincomam.org.br\/index.php\/wp-json\/wp\/v2\/tags?post=33454"}],"curies":[{"name":"wp","href":"https:\/\/api.w.org\/{rel}","templated":true}]}}