{"id":33418,"date":"2021-01-18T10:26:20","date_gmt":"2021-01-18T13:26:20","guid":{"rendered":"http:\/\/www.sincomam.org.br\/?p=33418"},"modified":"2021-01-18T12:08:14","modified_gmt":"2021-01-18T15:08:14","slug":"vacinacao-contra-covid-19-comeca-no-brasil","status":"publish","type":"post","link":"https:\/\/www.sincomam.org.br\/index.php\/vacinacao-contra-covid-19-comeca-no-brasil\/","title":{"rendered":"Vacina\u00e7\u00e3o contra COVID-19 come\u00e7a no Brasil"},"content":{"rendered":"<p><em><strong>Vacina produzida pelo Butantan come\u00e7a a ser aplicada ap\u00f3s aprova\u00e7\u00e3o da Anvisa; Primeira brasileira imunizada \u00e9 enfermeira do Instituto Em\u00edlio Ribas (SP)<\/strong><\/em><\/p>\n<p>Logo ap\u00f3s a Ag\u00eancia Nacional de Vigil\u00e2ncia Sanit\u00e1ria (Anvisa) ter aprovado o uso emergencial da CoronaVac, vacina contra o novo coronav\u00edrus produzida pelo Instituto Butantan em parceria com a farmac\u00eautica chinesa Sinovac, o estado de S\u00e3o Paulo aplicou a primeira dose no Pa\u00eds \u2013 neste domingo (17).<\/p>\n<p>O Butantan possui 6 milh\u00f5es de doses da vacina prontas para aplica\u00e7\u00e3o. O governo paulista informou, durante coletiva de imprensa, que aproximadamente 4,6 milh\u00f5es de doses ir\u00e3o para o governo federal, mantendo cerca de 1,3 milh\u00e3o de doses no estado. Nesta primeira etapa, o grupo priorit\u00e1rio \u00e9 formado por profissionais de sa\u00fade, ind\u00edgenas e idosos.<\/p>\n<p>A primeira brasileira a ser vacinada contra Covid-19 foi a enfermeira da UTI do Instituto de Infectologia Em\u00edlio Ribas, M\u00f4nica Calazans, de 54 anos. O governo paulista tamb\u00e9m vacinou a t\u00e9cnica de enfermagem, assistente social e presidente do Conselho do Povo Kaimb\u00e9, a ind\u00edgena Vanuzia Costa Santos, 50 anos.<\/p>\n<p>A partir desta segunda (18), entra em opera\u00e7\u00e3o o plano log\u00edstico de distribui\u00e7\u00e3o de doses, seringas e agulhas, com envio das grades para imuniza\u00e7\u00e3o de trabalhadores de sa\u00fade de seis hospitais de refer\u00eancia do estado de S\u00e3o Paulo: HCs da Capital e de Ribeir\u00e3o Preto (USP), HC da Campinas (Unicamp), HC de Botucatu (Unesp), HC de Mar\u00edlia (Famema) e Hospital de Base de S\u00e3o Jos\u00e9 do Rio Preto (Funfarme).<\/p>\n<p><strong>Distribui\u00e7\u00e3o das vacinas no Brasil<\/strong><\/p>\n<p>O ministro da Sa\u00fade, Eduardo Pazuello, afirmou hoje (18), em coletiva no Centro de Log\u00edstica do Aeroporto de Guarulhos (SP), que a vacina\u00e7\u00e3o contra Covid-19 chegar\u00e1 a todos os estados brasileiros. Segundo o ministro, a vacina\u00e7\u00e3o pode come\u00e7ar ainda nesta segunda-feira.<\/p>\n<p>A distribui\u00e7\u00e3o das doses da vacina ser\u00e1 feita com a colabora\u00e7\u00e3o das aeronaves da For\u00e7a A\u00e9rea Brasileira (FAB). De acordo com o Governo Federal, a log\u00edstica de entrega das vacinas tamb\u00e9m conta com uma frota de 100 caminh\u00f5es com \u00e1reas de carga refrigeradas.<\/p>\n<p>O Minist\u00e9rio da Sa\u00fade, ainda, tem o apoio da Associa\u00e7\u00e3o Brasileira de Empresas A\u00e9reas por meio das companhias a\u00e9reas Azul, Gol, Latam e Voepass, para transporte gratuito da vacina \u00e0s unidades federadas do pa\u00eds que necessitam do transporte a\u00e9reo.<\/p>\n<p>Um lote de 487.500 doses da CoronaVac est\u00e1 previsto para chegar ao Rio de Janeiro ainda hoje e a vacina\u00e7\u00e3o come\u00e7a no estado \u00e0s 17h, no Cristo Redentor.<\/p>\n<p><strong>Aprova\u00e7\u00e3o da vacina<\/strong><\/p>\n<p>A Anvisa tamb\u00e9m aprovou, neste domingo (17), por unanimidade, a autoriza\u00e7\u00e3o tempor\u00e1ria de uso emergencial da vacina Covishield, produzida pela farmac\u00eautica <em>Serum Institute of India<\/em>, em parceria com a AstraZeneca\/Universidade de Oxford\/Funda\u00e7\u00e3o Oswaldo Cruz (Fiocruz), no Rio de Janeiro.<\/p>\n<p>De acordo com a Ag\u00eancia, tanto a Fiocruz quanto o Instituto Butantan devem dar continuidade aos estudos e \u00e0 gera\u00e7\u00e3o de dados para permitir o registro sanit\u00e1rio na Anvisa.<\/p>\n<p><em>\u201cO procedimento de autoriza\u00e7\u00e3o de uso emergencial avalia a adequa\u00e7\u00e3o das candidatas a vacinas contra a Covid-19 para a utiliza\u00e7\u00e3o durante a atual emerg\u00eancia em sa\u00fade p\u00fablica, de modo a minimizar, o mais r\u00e1pido poss\u00edvel, os impactos da crise. \u00c9 importante ressaltar que as autoriza\u00e7\u00f5es tempor\u00e1rias para uso emergencial n\u00e3o s\u00e3o permiss\u00f5es para a introdu\u00e7\u00e3o no mercado para fins de comercializa\u00e7\u00e3o, distribui\u00e7\u00e3o e uso\u201d, informou a Anvisa, em nota.<\/em><\/p>\n<p><strong>Cadastro<\/strong><\/p>\n<p>O Governo de S\u00e3o Paulo lan\u00e7ou o site <strong><a href=\"https:\/\/www.vacinaja.sp.gov.br\/\" target=\"_blank\" rel=\"noopener noreferrer\">www.vacinaja.sp.gov.br<\/a> <\/strong>para agilizar a campanha de vacina\u00e7\u00e3o contra o Covid-19 no estado. Nele, todas as pessoas aptas a receber a vacina do Butantan podem fazer um pr\u00e9-cadastro. A vacina\u00e7\u00e3o tamb\u00e9m ser\u00e1 feita sem o cadastro no site.<\/p>\n","protected":false},"excerpt":{"rendered":"<p>Vacina produzida pelo Butantan come\u00e7a a ser aplicada ap\u00f3s aprova\u00e7\u00e3o da Anvisa; Primeira brasileira imunizada \u00e9 enfermeira do Instituto Em\u00edlio Ribas (SP) Logo ap\u00f3s a&#8230;<\/p>\n","protected":false},"author":1182,"featured_media":33280,"comment_status":"closed","ping_status":"closed","sticky":false,"template":"","format":"standard","meta":{"footnotes":""},"categories":[6],"tags":[1705,818,61,1588,2752,2751,956,1283,940,3843,674],"class_list":["post-33418","post","type-post","status-publish","format-standard","has-post-thumbnail","hentry","category-noticias","tag-anvisa","tag-aprovacao","tag-brasil","tag-cadastro","tag-coronavirus","tag-covid-19","tag-distribuicao","tag-estados","tag-inicio","tag-instituto-butantan","tag-vacina"],"_links":{"self":[{"href":"https:\/\/www.sincomam.org.br\/index.php\/wp-json\/wp\/v2\/posts\/33418","targetHints":{"allow":["GET"]}}],"collection":[{"href":"https:\/\/www.sincomam.org.br\/index.php\/wp-json\/wp\/v2\/posts"}],"about":[{"href":"https:\/\/www.sincomam.org.br\/index.php\/wp-json\/wp\/v2\/types\/post"}],"author":[{"embeddable":true,"href":"https:\/\/www.sincomam.org.br\/index.php\/wp-json\/wp\/v2\/users\/1182"}],"replies":[{"embeddable":true,"href":"https:\/\/www.sincomam.org.br\/index.php\/wp-json\/wp\/v2\/comments?post=33418"}],"version-history":[{"count":3,"href":"https:\/\/www.sincomam.org.br\/index.php\/wp-json\/wp\/v2\/posts\/33418\/revisions"}],"predecessor-version":[{"id":33435,"href":"https:\/\/www.sincomam.org.br\/index.php\/wp-json\/wp\/v2\/posts\/33418\/revisions\/33435"}],"wp:featuredmedia":[{"embeddable":true,"href":"https:\/\/www.sincomam.org.br\/index.php\/wp-json\/wp\/v2\/media\/33280"}],"wp:attachment":[{"href":"https:\/\/www.sincomam.org.br\/index.php\/wp-json\/wp\/v2\/media?parent=33418"}],"wp:term":[{"taxonomy":"category","embeddable":true,"href":"https:\/\/www.sincomam.org.br\/index.php\/wp-json\/wp\/v2\/categories?post=33418"},{"taxonomy":"post_tag","embeddable":true,"href":"https:\/\/www.sincomam.org.br\/index.php\/wp-json\/wp\/v2\/tags?post=33418"}],"curies":[{"name":"wp","href":"https:\/\/api.w.org\/{rel}","templated":true}]}}