{"id":33392,"date":"2021-01-15T10:07:58","date_gmt":"2021-01-15T13:07:58","guid":{"rendered":"http:\/\/www.sincomam.org.br\/?p=33392"},"modified":"2021-01-15T10:07:58","modified_gmt":"2021-01-15T13:07:58","slug":"programa-antartico-brasileiro-completa-39-anos-de-atuacao","status":"publish","type":"post","link":"https:\/\/www.sincomam.org.br\/index.php\/programa-antartico-brasileiro-completa-39-anos-de-atuacao\/","title":{"rendered":"Programa Ant\u00e1rtico Brasileiro completa 39 anos de atua\u00e7\u00e3o"},"content":{"rendered":"<p>Nesta ter\u00e7a-feira (12), o Programa Ant\u00e1rtico Brasileiro (PROANTAR) completou 39 anos de atua\u00e7\u00e3o em pesquisas cient\u00edficas. Desde 1982, o programa estuda sobre o ambiente ant\u00e1rtico e a influ\u00eancia no clima global. A gest\u00e3o do programa \u00e9 feita pela Comiss\u00e3o Interministerial para os Recursos do Mar da Marinha do Brasil e conta com a coordena\u00e7\u00e3o log\u00edstica do Minist\u00e9rio da Defesa e o apoio da For\u00e7a A\u00e9rea Brasileira.<\/p>\n<p>A primeira opera\u00e7\u00e3o desenvolvida pelo PROANTAR levou o Brasil a ser reconhecido, em 1983, como membro Consultivo do Tratado da Ant\u00e1rtica, um acordo de coopera\u00e7\u00e3o entre pa\u00edses interessados na regi\u00e3o. A miss\u00e3o abriu portas para a participa\u00e7\u00e3o ativa do Brasil nas decis\u00f5es referentes ao continente.<\/p>\n<p>A segunda opera\u00e7\u00e3o, em 1984, foi a implanta\u00e7\u00e3o da Esta\u00e7\u00e3o Ant\u00e1rtica Comandante Ferraz (EACF), que em 2012 perdeu 70% das instala\u00e7\u00f5es em um inc\u00eandio. No ano passado, oito anos depois do acidente, a nova esta\u00e7\u00e3o foi inaugurada em 15 de janeiro com 4,5 mil metros quadrados.<\/p>\n<p>As Opera\u00e7\u00f5es Ant\u00e1rticas de pesquisas cient\u00edficas, denominadas OPERANTAR s\u00e3o planejadas, coordenadas e executas pelo PROANTAR. As a\u00e7\u00f5es s\u00e3o anuais e, normalmente, ocorrem entre os meses de outubro e novembro com a ida do Navio de Apoio Oceanogr\u00e1fico \u201cAry Rongel\u201d e do Navio Polar \u201cAlmirante Maximiano\u201d. J\u00e1 os voos acontecem periodicamente, totalizando 10 traslados por ano nos avi\u00f5es C-130 \u201cH\u00e9rcules\u201d e nos novos C-99 Embraer, da FAB.<\/p>\n<p>O programa destaca a import\u00e2ncia da participa\u00e7\u00e3o brasileira nas a\u00e7\u00f5es cient\u00edficas e de geopol\u00edtica, j\u00e1 que a regi\u00e3o possui reservas de recursos minerais estrat\u00e9gicos ainda n\u00e3o explorados. Segundo as pesquisas, al\u00e9m de influenciar no clima do nosso pa\u00eds, os recursos minerais da Ant\u00e1rtica s\u00e3o capazes de atender a economia mundial por 200 anos.<\/p>\n<p>*Com informa\u00e7\u00f5es da Marinha do Brasil<\/p>\n","protected":false},"excerpt":{"rendered":"<p>Nesta ter\u00e7a-feira (12), o Programa Ant\u00e1rtico Brasileiro (PROANTAR) completou 39 anos de atua\u00e7\u00e3o em pesquisas cient\u00edficas. Desde 1982, o programa estuda sobre o ambiente ant\u00e1rtico&#8230;<\/p>\n","protected":false},"author":1182,"featured_media":33393,"comment_status":"closed","ping_status":"closed","sticky":false,"template":"","format":"standard","meta":{"footnotes":""},"categories":[6],"tags":[3185,3563,61,1013,4264,754],"class_list":["post-33392","post","type-post","status-publish","format-standard","has-post-thumbnail","hentry","category-noticias","tag-antartico","tag-atuacao","tag-brasil","tag-marinha-do-brasil","tag-proantar","tag-programa"],"_links":{"self":[{"href":"https:\/\/www.sincomam.org.br\/index.php\/wp-json\/wp\/v2\/posts\/33392","targetHints":{"allow":["GET"]}}],"collection":[{"href":"https:\/\/www.sincomam.org.br\/index.php\/wp-json\/wp\/v2\/posts"}],"about":[{"href":"https:\/\/www.sincomam.org.br\/index.php\/wp-json\/wp\/v2\/types\/post"}],"author":[{"embeddable":true,"href":"https:\/\/www.sincomam.org.br\/index.php\/wp-json\/wp\/v2\/users\/1182"}],"replies":[{"embeddable":true,"href":"https:\/\/www.sincomam.org.br\/index.php\/wp-json\/wp\/v2\/comments?post=33392"}],"version-history":[{"count":1,"href":"https:\/\/www.sincomam.org.br\/index.php\/wp-json\/wp\/v2\/posts\/33392\/revisions"}],"predecessor-version":[{"id":33394,"href":"https:\/\/www.sincomam.org.br\/index.php\/wp-json\/wp\/v2\/posts\/33392\/revisions\/33394"}],"wp:featuredmedia":[{"embeddable":true,"href":"https:\/\/www.sincomam.org.br\/index.php\/wp-json\/wp\/v2\/media\/33393"}],"wp:attachment":[{"href":"https:\/\/www.sincomam.org.br\/index.php\/wp-json\/wp\/v2\/media?parent=33392"}],"wp:term":[{"taxonomy":"category","embeddable":true,"href":"https:\/\/www.sincomam.org.br\/index.php\/wp-json\/wp\/v2\/categories?post=33392"},{"taxonomy":"post_tag","embeddable":true,"href":"https:\/\/www.sincomam.org.br\/index.php\/wp-json\/wp\/v2\/tags?post=33392"}],"curies":[{"name":"wp","href":"https:\/\/api.w.org\/{rel}","templated":true}]}}