{"id":33388,"date":"2021-01-15T09:45:21","date_gmt":"2021-01-15T12:45:21","guid":{"rendered":"http:\/\/www.sincomam.org.br\/?p=33388"},"modified":"2021-01-15T09:45:21","modified_gmt":"2021-01-15T12:45:21","slug":"petrobras-informa-fase-vinculante-do-polo-norte-capixaba","status":"publish","type":"post","link":"https:\/\/www.sincomam.org.br\/index.php\/petrobras-informa-fase-vinculante-do-polo-norte-capixaba\/","title":{"rendered":"Petrobras informa fase vinculante do Polo Norte Capixaba"},"content":{"rendered":"<p>A Petrobras informou, nesta quinta-feira (15), o in\u00edcio da fase vinculante referente \u00e0 venda de suas participa\u00e7\u00f5es em\u00a0 quatro concess\u00f5es de campos terrestres, no Polo Norte Capixaba, no estado do Esp\u00edrito Santo.<\/p>\n<p>Segundo a Estatal, os potenciais compradores habilitados para essa fase receber\u00e3o carta-convite com instru\u00e7\u00f5es detalhadas sobre o processo de desinvestimento, incluindo orienta\u00e7\u00f5es para a realiza\u00e7\u00e3o de <em>due diligence<\/em>\u00a0e para o envio das propostas vinculantes.<\/p>\n<p>&#8220;Essa opera\u00e7\u00e3o est\u00e1 alinhada \u00e0 estrat\u00e9gia de otimiza\u00e7\u00e3o de portf\u00f3lio e melhoria de aloca\u00e7\u00e3o do capital da companhia, passando a concentrar cada vez mais os seus recursos em ativos de classe mundial em \u00e1guas profundas e ultra-profundas&#8221;, disse a companhia, em nota.<\/p>\n<p>O Polo atualmente compreende quatro campos: Canc\u00e3, Fazenda Alegre, Fazenda S\u00e3o Rafael e Fazenda Santa Luzia. O Terminal Norte Capixaba e todas as instala\u00e7\u00f5es de produ\u00e7\u00e3o contidas no\u00a0<em>ring fence<\/em>\u00a0das concess\u00f5es tamb\u00e9m fazem parte do Polo, al\u00e9m da titularidade de alguns terrenos.<\/p>\n<p>No ano de 2020, a produ\u00e7\u00e3o m\u00e9dia do Polo Norte Capixaba foi de 7,02 mil barris de \u00f3leo por dia e 60,4 mil m<sup>3<\/sup>\/dia de g\u00e1s. A Petrobras \u00e9 a operadora nesses campos, com 100% de participa\u00e7\u00e3o.<\/p>\n","protected":false},"excerpt":{"rendered":"<p>A Petrobras informou, nesta quinta-feira (15), o in\u00edcio da fase vinculante referente \u00e0 venda de suas participa\u00e7\u00f5es em\u00a0 quatro concess\u00f5es de campos terrestres, no Polo&#8230;<\/p>\n","protected":false},"author":1182,"featured_media":17775,"comment_status":"closed","ping_status":"closed","sticky":false,"template":"","format":"standard","meta":{"footnotes":""},"categories":[6],"tags":[253,1220,1566,58,397,4026],"class_list":["post-33388","post","type-post","status-publish","format-standard","has-post-thumbnail","hentry","category-noticias","tag-capixaba","tag-fase","tag-norte","tag-petrobras","tag-polo","tag-vinculante"],"_links":{"self":[{"href":"https:\/\/www.sincomam.org.br\/index.php\/wp-json\/wp\/v2\/posts\/33388","targetHints":{"allow":["GET"]}}],"collection":[{"href":"https:\/\/www.sincomam.org.br\/index.php\/wp-json\/wp\/v2\/posts"}],"about":[{"href":"https:\/\/www.sincomam.org.br\/index.php\/wp-json\/wp\/v2\/types\/post"}],"author":[{"embeddable":true,"href":"https:\/\/www.sincomam.org.br\/index.php\/wp-json\/wp\/v2\/users\/1182"}],"replies":[{"embeddable":true,"href":"https:\/\/www.sincomam.org.br\/index.php\/wp-json\/wp\/v2\/comments?post=33388"}],"version-history":[{"count":1,"href":"https:\/\/www.sincomam.org.br\/index.php\/wp-json\/wp\/v2\/posts\/33388\/revisions"}],"predecessor-version":[{"id":33389,"href":"https:\/\/www.sincomam.org.br\/index.php\/wp-json\/wp\/v2\/posts\/33388\/revisions\/33389"}],"wp:featuredmedia":[{"embeddable":true,"href":"https:\/\/www.sincomam.org.br\/index.php\/wp-json\/wp\/v2\/media\/17775"}],"wp:attachment":[{"href":"https:\/\/www.sincomam.org.br\/index.php\/wp-json\/wp\/v2\/media?parent=33388"}],"wp:term":[{"taxonomy":"category","embeddable":true,"href":"https:\/\/www.sincomam.org.br\/index.php\/wp-json\/wp\/v2\/categories?post=33388"},{"taxonomy":"post_tag","embeddable":true,"href":"https:\/\/www.sincomam.org.br\/index.php\/wp-json\/wp\/v2\/tags?post=33388"}],"curies":[{"name":"wp","href":"https:\/\/api.w.org\/{rel}","templated":true}]}}