{"id":33385,"date":"2021-01-15T09:39:01","date_gmt":"2021-01-15T12:39:01","guid":{"rendered":"http:\/\/www.sincomam.org.br\/?p=33385"},"modified":"2021-01-15T09:39:01","modified_gmt":"2021-01-15T12:39:01","slug":"aviao-que-vai-buscar-vacinas-na-india-decola-hoje-do-recife","status":"publish","type":"post","link":"https:\/\/www.sincomam.org.br\/index.php\/aviao-que-vai-buscar-vacinas-na-india-decola-hoje-do-recife\/","title":{"rendered":"Avi\u00e3o que vai buscar vacinas na \u00cdndia decola hoje do Recife"},"content":{"rendered":"<p>Decola\u00a0hoje\u00a0(15) do Recife em dire\u00e7\u00e3o a Mumbai, na \u00cdndia, o avi\u00e3o da companhia a\u00e9rea Azul que vai buscar os 2 milh\u00f5es de doses da vacina contra a covid-19 importadas do pa\u00eds asi\u00e1tico. A previs\u00e3o \u00e9 que a aeronave decole \u00e0s 23h e chegue amanh\u00e3 (16) \u00e0 \u00cdndia.<img decoding=\"async\" src=\"https:\/\/agenciabrasil.ebc.com.br\/ebc.png?id=1398710&amp;o=node\" \/><img decoding=\"async\" src=\"https:\/\/agenciabrasil.ebc.com.br\/ebc.gif?id=1398710&amp;o=node\" \/><\/p>\n<p>Inicialmente o voo estava previsto para decolar na noite de\u00a0ontem\u00a0(14), tamb\u00e9m \u00e0s 23h, mas a viagem foi reprogramada em raz\u00e3o de quest\u00f5es log\u00edsticas internacionais.<\/p>\n<p>O voo com destino ao Recife partiu na tarde de\u00a0ontem,\u00a0por volta das 15h30, do Aeroporto de Viracopos, em Campinas (SP). A Azul comentou a altera\u00e7\u00e3o na viagem e disse que, ap\u00f3s chegar \u00e0 capital pernambucana, a tripula\u00e7\u00e3o pernoitaria na cidade, prosseguindo o voo nesta sexta-feira.<\/p>\n<p>A volta da aeronave ao Brasil estava marcada para\u00a0s\u00e1bado(16), aterrissando no Aeroporto do Gale\u00e3o, no Rio\u00a0de Janeiro. Mas, com a altera\u00e7\u00e3o no voo, ainda n\u00e3o h\u00e1 informa\u00e7\u00f5es sobre o retorno do avi\u00e3o.<\/p>\n<p>&#8220;A data de retorno ao Brasil, com a carga de vacinas estimada em 15 toneladas, ainda est\u00e1 sendo avaliada de acordo com o andamento dos tr\u00e2mites da opera\u00e7\u00e3o de log\u00edstica feita pelo governo federal em parceria com a Azul&#8221;, disse o Minist\u00e9rio da Sa\u00fade,\u00a0ontem, em\u00a0nota.<\/p>\n<p>Ao chegar, a vacina ainda precisa aguardar o aval da Ag\u00eancia Nacional de Vigil\u00e2ncia Sanit\u00e1ria (Anvisa). A ag\u00eancia se re\u00fane no\u00a0domingo\u00a0(17) para analisar o pedido de uso emergencial apresentado pela Funda\u00e7\u00e3o Oswaldo Cruz (Fiocruz), parceira da AstraZeneca e da Universidade de Oxford no Brasil.<\/p>\n<p>De acordo com o minist\u00e9rio, a vacina ser\u00e1 distribu\u00edda aos estados em at\u00e9 cinco dias ap\u00f3s o aval da Anvisa para, assim, dar in\u00edcio \u00e0 imuniza\u00e7\u00e3o em todo o pa\u00eds, de forma simult\u00e2nea e gratuita.<\/p>\n<p>A seguran\u00e7a no transporte das doses pelo Brasil ser\u00e1 realizada pelas For\u00e7as Armadas, em a\u00e7\u00e3o conjunta com o Minist\u00e9rio da Defesa.<\/p>\n<p>O avi\u00e3o que parte em dire\u00e7\u00e3o \u00e0 \u00cdndia \u00e9 um Airbus A330neo, maior aeronave da frota da Azul, e estar\u00e1 equipado com cont\u00eaineres espec\u00edficos para garantir o controle de temperatura das doses, de acordo com as recomenda\u00e7\u00f5es do fabricante. O avi\u00e3o percorrer\u00e1\u00a0cerca de 15 mil quil\u00f4metros at\u00e9 o destino final.<\/p>\n<p>O minist\u00e9rio informou que, al\u00e9m do apoio da Azul, conta com a Associa\u00e7\u00e3o Brasileira de Empresas A\u00e9reas por meio das companhias a\u00e9reas Gol, Latam e Voepass, para a log\u00edstica de transporte gratuito da vacina.<\/p>\n<p>Fonte: Ag\u00eancia Brasil\/ Foto: divulga\u00e7\u00e3o-Minist\u00e9rio da Sa\u00fade<\/p>\n","protected":false},"excerpt":{"rendered":"<p>Decola\u00a0hoje\u00a0(15) do Recife em dire\u00e7\u00e3o a Mumbai, na \u00cdndia, o avi\u00e3o da companhia a\u00e9rea Azul que vai buscar os 2 milh\u00f5es de doses da vacina&#8230;<\/p>\n","protected":false},"author":1182,"featured_media":33386,"comment_status":"closed","ping_status":"closed","sticky":false,"template":"","format":"standard","meta":{"footnotes":""},"categories":[6],"tags":[1705,748,688,4262,61,4246,3276,894,878,1080,4263,3260,3884,4261,228,1077,59,674],"class_list":["post-33385","post","type-post","status-publish","format-standard","has-post-thumbnail","hentry","category-noticias","tag-anvisa","tag-apoio","tag-aviao","tag-azul","tag-brasil","tag-dose","tag-fiocruz","tag-forcas-armadas","tag-frota","tag-india","tag-mumbai","tag-oxford","tag-oxford-astrazeneca","tag-partida","tag-recife","tag-retorno","tag-rio-de-janeiro","tag-vacina"],"_links":{"self":[{"href":"https:\/\/www.sincomam.org.br\/index.php\/wp-json\/wp\/v2\/posts\/33385","targetHints":{"allow":["GET"]}}],"collection":[{"href":"https:\/\/www.sincomam.org.br\/index.php\/wp-json\/wp\/v2\/posts"}],"about":[{"href":"https:\/\/www.sincomam.org.br\/index.php\/wp-json\/wp\/v2\/types\/post"}],"author":[{"embeddable":true,"href":"https:\/\/www.sincomam.org.br\/index.php\/wp-json\/wp\/v2\/users\/1182"}],"replies":[{"embeddable":true,"href":"https:\/\/www.sincomam.org.br\/index.php\/wp-json\/wp\/v2\/comments?post=33385"}],"version-history":[{"count":1,"href":"https:\/\/www.sincomam.org.br\/index.php\/wp-json\/wp\/v2\/posts\/33385\/revisions"}],"predecessor-version":[{"id":33387,"href":"https:\/\/www.sincomam.org.br\/index.php\/wp-json\/wp\/v2\/posts\/33385\/revisions\/33387"}],"wp:featuredmedia":[{"embeddable":true,"href":"https:\/\/www.sincomam.org.br\/index.php\/wp-json\/wp\/v2\/media\/33386"}],"wp:attachment":[{"href":"https:\/\/www.sincomam.org.br\/index.php\/wp-json\/wp\/v2\/media?parent=33385"}],"wp:term":[{"taxonomy":"category","embeddable":true,"href":"https:\/\/www.sincomam.org.br\/index.php\/wp-json\/wp\/v2\/categories?post=33385"},{"taxonomy":"post_tag","embeddable":true,"href":"https:\/\/www.sincomam.org.br\/index.php\/wp-json\/wp\/v2\/tags?post=33385"}],"curies":[{"name":"wp","href":"https:\/\/api.w.org\/{rel}","templated":true}]}}