{"id":33373,"date":"2021-01-13T11:18:00","date_gmt":"2021-01-13T14:18:00","guid":{"rendered":"http:\/\/www.sincomam.org.br\/?p=33373"},"modified":"2021-01-13T11:18:00","modified_gmt":"2021-01-13T14:18:00","slug":"log-in-vence-edital-para-explorar-area-no-porto-de-vitoria-por-6-meses","status":"publish","type":"post","link":"https:\/\/www.sincomam.org.br\/index.php\/log-in-vence-edital-para-explorar-area-no-porto-de-vitoria-por-6-meses\/","title":{"rendered":"Log-In vence edital para explorar \u00e1rea no Porto de Vit\u00f3ria por 6 meses"},"content":{"rendered":"<p><strong><em>O espa\u00e7o, situado em uma retro\u00e1rea de Capuaba, em Vila Velha, deve receber em m\u00e9dia 1.200 ve\u00edculos por m\u00eas<\/em><\/strong><\/p>\n<p>A Log-In Log\u00edstica Intermodal venceu um processo seletivo feito pela Companhia Docas do Esp\u00edrito Santo (Codesa) e poder\u00e1 explorar, provisoriamente, uma \u00e1rea de mais de 54 mil metros quadrados no Porto de Vit\u00f3ria.<\/p>\n<p>O espa\u00e7o, situado em uma retro\u00e1rea de Capuaba, em Vila Velha, ser\u00e1 utilizado para a movimenta\u00e7\u00e3o de carga geral, e deve receber, em m\u00e9dia, 1.200 ve\u00edculos por m\u00eas. O contrato ter\u00e1 dura\u00e7\u00e3o de 180 dias, e tem valor estimado em R$ 2,02 milh\u00f5es.<\/p>\n<p>Em comunicado ao mercado, a empresa afirmou que a nova opera\u00e7\u00e3o ir\u00e1 refor\u00e7ar sua participa\u00e7\u00e3o no Porto Organizado de Vit\u00f3ria e a amplia\u00e7\u00e3o dos servi\u00e7os ofertados aos atuais e potenciais clientes.<\/p>\n<p>A empresa j\u00e1 \u00e9 arrendat\u00e1ria do Terminal Portu\u00e1rio de Vila Velha (TVV), do qual det\u00e9m a concess\u00e3o at\u00e9 2048. A renova\u00e7\u00e3o do contrato foi assinada em outubro do ano passado, e prev\u00ea a inje\u00e7\u00e3o de mais de R$ 500 milh\u00f5es em investimentos no Esp\u00edrito Santo at\u00e9 2048. Deste total, mais de R$ 120 milh\u00f5es devem ser investidos j\u00e1 nos pr\u00f3ximos dois anos.<\/p>\n<p>Hoje, o terminal \u00e9 o \u00fanico a movimentar cont\u00eaineres no Esp\u00edrito Santo e a empresa pretende investir em obras e equipamentos para ampliar sua capacidade operacional.<\/p>\n<p>Fonte: A Gazeta \/ Foto: divulga\u00e7\u00e3o Log-In<\/p>\n","protected":false},"excerpt":{"rendered":"<p>O espa\u00e7o, situado em uma retro\u00e1rea de Capuaba, em Vila Velha, deve receber em m\u00e9dia 1.200 ve\u00edculos por m\u00eas A Log-In Log\u00edstica Intermodal venceu um&#8230;<\/p>\n","protected":false},"author":1182,"featured_media":33374,"comment_status":"closed","ping_status":"closed","sticky":false,"template":"","format":"standard","meta":{"footnotes":""},"categories":[6],"tags":[585,252,70,438,237],"class_list":["post-33373","post","type-post","status-publish","format-standard","has-post-thumbnail","hentry","category-noticias","tag-conteineres","tag-espirito-santo","tag-log-in","tag-logistica","tag-movimentacao"],"_links":{"self":[{"href":"https:\/\/www.sincomam.org.br\/index.php\/wp-json\/wp\/v2\/posts\/33373","targetHints":{"allow":["GET"]}}],"collection":[{"href":"https:\/\/www.sincomam.org.br\/index.php\/wp-json\/wp\/v2\/posts"}],"about":[{"href":"https:\/\/www.sincomam.org.br\/index.php\/wp-json\/wp\/v2\/types\/post"}],"author":[{"embeddable":true,"href":"https:\/\/www.sincomam.org.br\/index.php\/wp-json\/wp\/v2\/users\/1182"}],"replies":[{"embeddable":true,"href":"https:\/\/www.sincomam.org.br\/index.php\/wp-json\/wp\/v2\/comments?post=33373"}],"version-history":[{"count":1,"href":"https:\/\/www.sincomam.org.br\/index.php\/wp-json\/wp\/v2\/posts\/33373\/revisions"}],"predecessor-version":[{"id":33375,"href":"https:\/\/www.sincomam.org.br\/index.php\/wp-json\/wp\/v2\/posts\/33373\/revisions\/33375"}],"wp:featuredmedia":[{"embeddable":true,"href":"https:\/\/www.sincomam.org.br\/index.php\/wp-json\/wp\/v2\/media\/33374"}],"wp:attachment":[{"href":"https:\/\/www.sincomam.org.br\/index.php\/wp-json\/wp\/v2\/media?parent=33373"}],"wp:term":[{"taxonomy":"category","embeddable":true,"href":"https:\/\/www.sincomam.org.br\/index.php\/wp-json\/wp\/v2\/categories?post=33373"},{"taxonomy":"post_tag","embeddable":true,"href":"https:\/\/www.sincomam.org.br\/index.php\/wp-json\/wp\/v2\/tags?post=33373"}],"curies":[{"name":"wp","href":"https:\/\/api.w.org\/{rel}","templated":true}]}}