{"id":33347,"date":"2021-01-12T10:32:59","date_gmt":"2021-01-12T13:32:59","guid":{"rendered":"http:\/\/www.sincomam.org.br\/?p=33347"},"modified":"2021-01-12T10:32:59","modified_gmt":"2021-01-12T13:32:59","slug":"aposentados-do-inss-que-ganham-acima-do-salario-minimo-terao-reajuste-de-545","status":"publish","type":"post","link":"https:\/\/www.sincomam.org.br\/index.php\/aposentados-do-inss-que-ganham-acima-do-salario-minimo-terao-reajuste-de-545\/","title":{"rendered":"Aposentados do INSS que ganham acima do sal\u00e1rio m\u00ednimo ter\u00e3o reajuste de 5,45%"},"content":{"rendered":"<p>Os aposentados e pensionistas do INSS (Instituto Nacional do Seguro Social) que ganham acima do sal\u00e1rio m\u00ednimo ter\u00e3o um reajuste de 5,45% neste ano. O \u00edndice \u00e9 maior do que os 4,48% concedido no ano passado. Com o aumento, o teto do INSS dever\u00e1 ficar em R$ 6.433,57 neste ano. Os valores dever\u00e3o ser confirmados em publica\u00e7\u00e3o no Di\u00e1rio Oficial da Uni\u00e3o.<\/p>\n<p>Para definir o reajuste dos benefici\u00e1rios do INSS acima do sal\u00e1rio m\u00ednimo, o governo usa o INPC (\u00cdndice Nacional de Pre\u00e7os ao Consumidor) acumulado do ano anterior. O indicador de 2020 foi divulgado nesta ter\u00e7a-feira (12) pelo IBGE (Instituto Brasileiro de Geografia e Estat\u00edstica).<\/p>\n<p>Segundo a Secretaria Especial de Previd\u00eancia e Trabalho, o reajuste para os segurados do INSS com benef\u00edcios acima do piso previdenci\u00e1rio obedece a lei 8.213, de 1991.<\/p>\n<p>Quem come\u00e7ou a receber a aposentadoria ou pens\u00e3o a partir de fevereiro de 2020 ter\u00e1 aumento proporcional. Os \u00edndices variam conforme o m\u00eas de concess\u00e3o do benef\u00edcio, e ainda ser\u00e3o divulgados pelo governo.<\/p>\n<p><strong>Reajuste para quem ganha um sal\u00e1rio m\u00ednimo fica menor<\/strong><\/p>\n<p>Para os aposentados e pensionistas que recebem benef\u00edcio no valor de um sal\u00e1rio m\u00ednimo, o aumento ser\u00e1 menor, de 5,26%. O valor segue o reajuste do sal\u00e1rio m\u00ednimo, que neste ano passou de R$ 1.045 para R$ 1.100.<\/p>\n<p>Fonte: CNN Brasil<\/p>\n","protected":false},"excerpt":{"rendered":"<p>Os aposentados e pensionistas do INSS (Instituto Nacional do Seguro Social) que ganham acima do sal\u00e1rio m\u00ednimo ter\u00e3o um reajuste de 5,45% neste ano. O&#8230;<\/p>\n","protected":false},"author":1182,"featured_media":20357,"comment_status":"closed","ping_status":"closed","sticky":false,"template":"","format":"standard","meta":{"footnotes":""},"categories":[6],"tags":[1325,1839,404,392,403],"class_list":["post-33347","post","type-post","status-publish","format-standard","has-post-thumbnail","hentry","category-noticias","tag-aposentadoria","tag-inss","tag-minimo","tag-reajuste","tag-salario"],"_links":{"self":[{"href":"https:\/\/www.sincomam.org.br\/index.php\/wp-json\/wp\/v2\/posts\/33347","targetHints":{"allow":["GET"]}}],"collection":[{"href":"https:\/\/www.sincomam.org.br\/index.php\/wp-json\/wp\/v2\/posts"}],"about":[{"href":"https:\/\/www.sincomam.org.br\/index.php\/wp-json\/wp\/v2\/types\/post"}],"author":[{"embeddable":true,"href":"https:\/\/www.sincomam.org.br\/index.php\/wp-json\/wp\/v2\/users\/1182"}],"replies":[{"embeddable":true,"href":"https:\/\/www.sincomam.org.br\/index.php\/wp-json\/wp\/v2\/comments?post=33347"}],"version-history":[{"count":1,"href":"https:\/\/www.sincomam.org.br\/index.php\/wp-json\/wp\/v2\/posts\/33347\/revisions"}],"predecessor-version":[{"id":33348,"href":"https:\/\/www.sincomam.org.br\/index.php\/wp-json\/wp\/v2\/posts\/33347\/revisions\/33348"}],"wp:featuredmedia":[{"embeddable":true,"href":"https:\/\/www.sincomam.org.br\/index.php\/wp-json\/wp\/v2\/media\/20357"}],"wp:attachment":[{"href":"https:\/\/www.sincomam.org.br\/index.php\/wp-json\/wp\/v2\/media?parent=33347"}],"wp:term":[{"taxonomy":"category","embeddable":true,"href":"https:\/\/www.sincomam.org.br\/index.php\/wp-json\/wp\/v2\/categories?post=33347"},{"taxonomy":"post_tag","embeddable":true,"href":"https:\/\/www.sincomam.org.br\/index.php\/wp-json\/wp\/v2\/tags?post=33347"}],"curies":[{"name":"wp","href":"https:\/\/api.w.org\/{rel}","templated":true}]}}