{"id":33331,"date":"2021-01-12T08:31:39","date_gmt":"2021-01-12T11:31:39","guid":{"rendered":"http:\/\/www.sincomam.org.br\/?p=33331"},"modified":"2021-01-12T11:09:21","modified_gmt":"2021-01-12T14:09:21","slug":"ford-encerra-sua-producao-no-brasil","status":"publish","type":"post","link":"https:\/\/www.sincomam.org.br\/index.php\/ford-encerra-sua-producao-no-brasil\/","title":{"rendered":"Ford encerra sua produ\u00e7\u00e3o e fecha f\u00e1bricas no Brasil"},"content":{"rendered":"<p><strong><em>Montadora fechar\u00e1 tr\u00eas f\u00e1bricas no pa\u00eds<\/em><\/strong><\/p>\n<p>A montadora Ford anunciou nesta segunda-feira (11) que fechar\u00e1 suas f\u00e1bricas no Brasil. Ser\u00e3o fechadas as plantas de Cama\u00e7ari (BA) e Taubat\u00e9 (SP). Ser\u00e1 mantida apenas por alguns meses a produ\u00e7\u00e3o de pe\u00e7as para suprir o estoque de p\u00f3s-venda. A f\u00e1brica da Troller, em Horizonte (CE), ser\u00e1 fechada no \u00faltimo trimestre de 2021.<\/p>\n<p>O mercado nacional ser\u00e1 abastecido com ve\u00edculos produzidos, principalmente, na Argentina e no Uruguai, pa\u00edses cujas opera\u00e7\u00f5es da empresa n\u00e3o ser\u00e3o afetadas. A montadora encerrar\u00e1 as vendas dos modelos EcoSport, Ka e T4 assim que terminarem os estoques<\/p>\n<p>A empresa manter\u00e1 apenas o Centro de Desenvolvimento de Produto, na Bahia; o Campo de Provas, em Tatu\u00ed (SP); e sua sede regional em S\u00e3o Paulo.<\/p>\n<p>A justificativa \u00e9 a crise gerada pela pandemia que atinge o mundo desde o in\u00edcio de 2020. Segundo a Ford, a pandemia da covid-19 &#8220;amplia a persistente capacidade ociosa da ind\u00fastria e a redu\u00e7\u00e3o das vendas, resultando em anos de perdas significativas&#8221;.<\/p>\n<p>\u201cA Ford est\u00e1 presente h\u00e1 mais de um s\u00e9culo na Am\u00e9rica do Sul e no Brasil e sabemos que essas s\u00e3o a\u00e7\u00f5es muito dif\u00edceis, mas necess\u00e1rias, para a cria\u00e7\u00e3o de um neg\u00f3cio saud\u00e1vel e sustent\u00e1vel\u201d, disse Jim Farley, presidente e CEO da Ford.<\/p>\n<p>A companhia n\u00e3o informou qual ser\u00e1 o n\u00famero de funcion\u00e1rios demitidos, disse apenas que trabalhar\u00e1 &#8220;com os sindicatos, nossos funcion\u00e1rios e outros parceiros para desenvolver medidas que ajudem a enfrentar o dif\u00edcil impacto desse an\u00fancio\u201d.<\/p>\n<p>Fonte: Ag\u00eancia Brasil \/ Foto: divulga\u00e7\u00e3o<\/p>\n","protected":false},"excerpt":{"rendered":"<p>Montadora fechar\u00e1 tr\u00eas f\u00e1bricas no pa\u00eds A montadora Ford anunciou nesta segunda-feira (11) que fechar\u00e1 suas f\u00e1bricas no Brasil. Ser\u00e3o fechadas as plantas de Cama\u00e7ari&#8230;<\/p>\n","protected":false},"author":1182,"featured_media":33332,"comment_status":"closed","ping_status":"closed","sticky":false,"template":"","format":"standard","meta":{"footnotes":""},"categories":[6],"tags":[61,4251,1078,4250,4252],"class_list":["post-33331","post","type-post","status-publish","format-standard","has-post-thumbnail","hentry","category-noticias","tag-brasil","tag-fabrica","tag-fechamento","tag-ford","tag-montadora"],"_links":{"self":[{"href":"https:\/\/www.sincomam.org.br\/index.php\/wp-json\/wp\/v2\/posts\/33331","targetHints":{"allow":["GET"]}}],"collection":[{"href":"https:\/\/www.sincomam.org.br\/index.php\/wp-json\/wp\/v2\/posts"}],"about":[{"href":"https:\/\/www.sincomam.org.br\/index.php\/wp-json\/wp\/v2\/types\/post"}],"author":[{"embeddable":true,"href":"https:\/\/www.sincomam.org.br\/index.php\/wp-json\/wp\/v2\/users\/1182"}],"replies":[{"embeddable":true,"href":"https:\/\/www.sincomam.org.br\/index.php\/wp-json\/wp\/v2\/comments?post=33331"}],"version-history":[{"count":3,"href":"https:\/\/www.sincomam.org.br\/index.php\/wp-json\/wp\/v2\/posts\/33331\/revisions"}],"predecessor-version":[{"id":33356,"href":"https:\/\/www.sincomam.org.br\/index.php\/wp-json\/wp\/v2\/posts\/33331\/revisions\/33356"}],"wp:featuredmedia":[{"embeddable":true,"href":"https:\/\/www.sincomam.org.br\/index.php\/wp-json\/wp\/v2\/media\/33332"}],"wp:attachment":[{"href":"https:\/\/www.sincomam.org.br\/index.php\/wp-json\/wp\/v2\/media?parent=33331"}],"wp:term":[{"taxonomy":"category","embeddable":true,"href":"https:\/\/www.sincomam.org.br\/index.php\/wp-json\/wp\/v2\/categories?post=33331"},{"taxonomy":"post_tag","embeddable":true,"href":"https:\/\/www.sincomam.org.br\/index.php\/wp-json\/wp\/v2\/tags?post=33331"}],"curies":[{"name":"wp","href":"https:\/\/api.w.org\/{rel}","templated":true}]}}