{"id":33310,"date":"2021-01-11T14:53:44","date_gmt":"2021-01-11T17:53:44","guid":{"rendered":"http:\/\/www.sincomam.org.br\/?p=33310"},"modified":"2021-01-11T14:56:25","modified_gmt":"2021-01-11T17:56:25","slug":"anvisa-atualiza-pedidos-emergenciais-das-vacinas-coronavac-ee-oxford","status":"publish","type":"post","link":"https:\/\/www.sincomam.org.br\/index.php\/anvisa-atualiza-pedidos-emergenciais-das-vacinas-coronavac-ee-oxford\/","title":{"rendered":"Anvisa atualiza pedidos emergenciais das vacinas Coronavac ee Oxford"},"content":{"rendered":"<p><strong><em>Segundo a ag\u00eancia, documentos relevantes ainda est\u00e3o sendo analisados<\/em><\/strong><\/p>\n<p>A Ag\u00eancia Nacional de Vigil\u00e2ncia Sanit\u00e1ria (Anvisa) informou na tarde deste s\u00e1bado (9) que a triagem de documentos remetidos pelo Instituto Butantan para o uso emergencial do imunizante CoronaVac foi parcialmente conclu\u00edda.<\/p>\n<p>A an\u00e1lise, entretanto, constatou a falta de documentos t\u00e9cnicos previstos na norma do \u00f3rg\u00e3o. \u201cA submiss\u00e3o dos documentos t\u00e9cnicos previstos no Guia \u00e9 condi\u00e7\u00e3o necess\u00e1ria para viabilizar a avalia\u00e7\u00e3o, conclus\u00e3o e a delibera\u00e7\u00e3o sobre a autoriza\u00e7\u00e3o de uso emergencial das vacinas\u201d, informa a Anvisa em nota.<\/p>\n<p>O documento publicado pela Anvisa detalha os itens ausentes no pedido de uso emergencial.<\/p>\n<p><strong>S\u00e3o 6 levantamentos que ainda n\u00e3o foram entregues:<\/strong><\/p>\n<p>\u00bb Caracter\u00edsticas demogr\u00e1ficas e basais da popula\u00e7\u00e3o do estudo;<\/p>\n<p>\u00bb Resultados do estudo por popula\u00e7\u00e3o de inten\u00e7\u00e3o de tratamento (ITT);<\/p>\n<p>\u00bb Dados sobre a disposi\u00e7\u00e3o dos participantes, com o n\u00famero de pacientes randomizados e n\u00fameros dos que completaram cada fase do estudo;<\/p>\n<p>\u00bb Descri\u00e7\u00e3o dos desvios de protocolo ocorridos na pesquisa e impactos, acompanhado pela listagem de pacientes com descios de protocolo e divididos por centros;<\/p>\n<p>\u00bb Listagem de participantes com desvios de protocolo, divididos por centro;<\/p>\n<p>\u00bb Dados de imunogenicidade do estudo fase 3.<\/p>\n<p>A nota da Anvisa informa ainda que todas essas informa\u00e7\u00f5es \u201cdevem ser avaliadas por uma autoridade sanit\u00e1ria para permitir concluir pela efic\u00e1cia e seguran\u00e7a de uma vacina experimental. A validade interna de um estudo cl\u00ednico \u00e9 o grau em que os resultados obtidos refletem os verdadeiros resultados dos estudos e, portanto, n\u00e3o seriam devidos a erros metodol\u00f3gicos. A validade interna de um ensaio cl\u00ednico est\u00e1 diretamente relacionada ao delineamento, condu\u00e7\u00e3o e relatos apropriados do estudo cl\u00ednico.\u201d<\/p>\n<p>Em nota, o Butantan informou que est\u00e1 \u00e0 disposi\u00e7\u00e3o para apresentar os dados complementares solicitados pela Anvisa. &#8220;O Instituto Butantan informa que permanece fornecendo todos os documentos necess\u00e1rios para a Ag\u00eancia de Vigil\u00e2ncia Sanit\u00e1ria (Anvisa) para o registro de uso emergencial da vacina contra o coronav\u00edrus. O fato da Anvisa solicitar mais informa\u00e7\u00f5es, que est\u00e3o sendo prontamente atendidas pelo Butantan, n\u00e3o afeta o prazo previsto para autoriza\u00e7\u00e3o de uso do imunobiol\u00f3gico&#8221;, diz o comunicado do instituto.<\/p>\n<p><strong>Uso emergencial Fiocruz<\/strong><\/p>\n<p>Sobre a triagem dos documentos da vacina de Oxford, submetidos pela Funda\u00e7\u00e3o Oswaldo Cruz (Fiocruz), a Anvisa tamb\u00e9m se manifestou e atualizou o estado do pedido de uso emergencial.<\/p>\n<p>Em nota, a ag\u00eancia informou que \u201ca equipe t\u00e9cnica vai se aprofundar na an\u00e1lise dos dados e informa\u00e7\u00f5es apresentadas pela Fiocruz\u201d.<\/p>\n<p>Para a avalia\u00e7\u00e3o do uso emergencial, a Anvisa tamb\u00e9m utiliza dados que j\u00e1 haviam sido submetidos pelo laborat\u00f3rio por meio da Submiss\u00e3o Cont\u00ednua, ou seja, pacotes de dados prontos enviados anteriormente enquanto outras etapas da pesquisa seguiam em andamento.<\/p>\n<p>Fonte: Ag\u00eancia Brasil<\/p>\n","protected":false},"excerpt":{"rendered":"<p>Segundo a ag\u00eancia, documentos relevantes ainda est\u00e3o sendo analisados A Ag\u00eancia Nacional de Vigil\u00e2ncia Sanit\u00e1ria (Anvisa) informou na tarde deste s\u00e1bado (9) que a triagem&#8230;<\/p>\n","protected":false},"author":1182,"featured_media":30124,"comment_status":"closed","ping_status":"closed","sticky":false,"template":"","format":"standard","meta":{"footnotes":""},"categories":[6],"tags":[3339,2752,2751,3276,4248,3260,674],"class_list":["post-33310","post","type-post","status-publish","format-standard","has-post-thumbnail","hentry","category-noticias","tag-coronavac","tag-coronavirus","tag-covid-19","tag-fiocruz","tag-instituo-butantan","tag-oxford","tag-vacina"],"_links":{"self":[{"href":"https:\/\/www.sincomam.org.br\/index.php\/wp-json\/wp\/v2\/posts\/33310","targetHints":{"allow":["GET"]}}],"collection":[{"href":"https:\/\/www.sincomam.org.br\/index.php\/wp-json\/wp\/v2\/posts"}],"about":[{"href":"https:\/\/www.sincomam.org.br\/index.php\/wp-json\/wp\/v2\/types\/post"}],"author":[{"embeddable":true,"href":"https:\/\/www.sincomam.org.br\/index.php\/wp-json\/wp\/v2\/users\/1182"}],"replies":[{"embeddable":true,"href":"https:\/\/www.sincomam.org.br\/index.php\/wp-json\/wp\/v2\/comments?post=33310"}],"version-history":[{"count":1,"href":"https:\/\/www.sincomam.org.br\/index.php\/wp-json\/wp\/v2\/posts\/33310\/revisions"}],"predecessor-version":[{"id":33311,"href":"https:\/\/www.sincomam.org.br\/index.php\/wp-json\/wp\/v2\/posts\/33310\/revisions\/33311"}],"wp:featuredmedia":[{"embeddable":true,"href":"https:\/\/www.sincomam.org.br\/index.php\/wp-json\/wp\/v2\/media\/30124"}],"wp:attachment":[{"href":"https:\/\/www.sincomam.org.br\/index.php\/wp-json\/wp\/v2\/media?parent=33310"}],"wp:term":[{"taxonomy":"category","embeddable":true,"href":"https:\/\/www.sincomam.org.br\/index.php\/wp-json\/wp\/v2\/categories?post=33310"},{"taxonomy":"post_tag","embeddable":true,"href":"https:\/\/www.sincomam.org.br\/index.php\/wp-json\/wp\/v2\/tags?post=33310"}],"curies":[{"name":"wp","href":"https:\/\/api.w.org\/{rel}","templated":true}]}}