{"id":33306,"date":"2021-01-11T14:40:46","date_gmt":"2021-01-11T17:40:46","guid":{"rendered":"http:\/\/www.sincomam.org.br\/?p=33306"},"modified":"2021-01-11T14:40:46","modified_gmt":"2021-01-11T17:40:46","slug":"nascidos-em-maio-podem-sacar-auxilio-emergencial-a-partir-de-hoje","status":"publish","type":"post","link":"https:\/\/www.sincomam.org.br\/index.php\/nascidos-em-maio-podem-sacar-auxilio-emergencial-a-partir-de-hoje\/","title":{"rendered":"Nascidos em maio podem sacar aux\u00edlio emergencial a partir de hoje"},"content":{"rendered":"<p><strong><em>Ser\u00e3o beneficiados 3,5 milh\u00f5es de pessoas<\/em><\/strong><\/p>\n<p>Cerca de 3,5 milh\u00f5es de benefici\u00e1rios do Aux\u00edlio Emergencial e do Aux\u00edlio Emergencial Extens\u00e3o poder\u00e3o sacar o benef\u00edcio a partir desta segunda-feira (11). Est\u00e3o inclu\u00eddos os nascidos em maio, que podem sacar ou transferir os recursos da Poupan\u00e7a Social Digital. Foram creditados R$ 2,4 bilh\u00f5es para esses p\u00fablicos nos ciclos 5 e 6 de pagamentos do Aux\u00edlio Emergencial.<\/p>\n<p>Desse total, R$ 2,2 bilh\u00f5es s\u00e3o referentes \u00e0s parcelas do Aux\u00edlio Emergencial Extens\u00e3o e o restante, R$ 200 milh\u00f5es, \u00e0s parcelas do Aux\u00edlio Emergencial.<\/p>\n<p>Para realizar o saque em esp\u00e9cie, \u00e9 necess\u00e1rio fazer o login no App Caixa Tem, selecionar a op\u00e7\u00e3o \u201csaque sem cart\u00e3o\u201d e \u201cgerar c\u00f3digo de saque\u201d. Depois, o trabalhador deve inserir a senha para visualizar o c\u00f3digo de saque na tela do celular, com validade de uma hora. O c\u00f3digo deve ser utilizado nos caixas eletr\u00f4nicos da Caixa, nas unidades lot\u00e9ricas ou nos correspondentes Caixa Aqui.<\/p>\n<p>Os saques em dinheiro podem ser feitos nas lot\u00e9ricas, correspondentes CAIXA AQUI ou nas ag\u00eancias.<\/p>\n<p>Segundo a Caixa, continua dispon\u00edvel aos benefici\u00e1rios a op\u00e7\u00e3o de utiliza\u00e7\u00e3o dos recursos creditados na Poupan\u00e7a Social Digital para a realiza\u00e7\u00e3o de compras, por meio do cart\u00e3o de d\u00e9bito virtual e QR Code, pagamento de boletos, contas de \u00e1gua, luz, telefone, entre outros servi\u00e7os.<\/p>\n","protected":false},"excerpt":{"rendered":"<p>Ser\u00e3o beneficiados 3,5 milh\u00f5es de pessoas Cerca de 3,5 milh\u00f5es de benefici\u00e1rios do Aux\u00edlio Emergencial e do Aux\u00edlio Emergencial Extens\u00e3o poder\u00e3o sacar o benef\u00edcio a&#8230;<\/p>\n","protected":false},"author":1182,"featured_media":29823,"comment_status":"closed","ping_status":"closed","sticky":false,"template":"","format":"standard","meta":{"footnotes":""},"categories":[6],"tags":[1757,2377,61,390,2752,2751,432,4002,204],"class_list":["post-33306","post","type-post","status-publish","format-standard","has-post-thumbnail","hentry","category-noticias","tag-auxilio","tag-beneficio","tag-brasil","tag-caixa","tag-coronavirus","tag-covid-19","tag-emergencial","tag-extensao","tag-pagamento"],"_links":{"self":[{"href":"https:\/\/www.sincomam.org.br\/index.php\/wp-json\/wp\/v2\/posts\/33306","targetHints":{"allow":["GET"]}}],"collection":[{"href":"https:\/\/www.sincomam.org.br\/index.php\/wp-json\/wp\/v2\/posts"}],"about":[{"href":"https:\/\/www.sincomam.org.br\/index.php\/wp-json\/wp\/v2\/types\/post"}],"author":[{"embeddable":true,"href":"https:\/\/www.sincomam.org.br\/index.php\/wp-json\/wp\/v2\/users\/1182"}],"replies":[{"embeddable":true,"href":"https:\/\/www.sincomam.org.br\/index.php\/wp-json\/wp\/v2\/comments?post=33306"}],"version-history":[{"count":1,"href":"https:\/\/www.sincomam.org.br\/index.php\/wp-json\/wp\/v2\/posts\/33306\/revisions"}],"predecessor-version":[{"id":33307,"href":"https:\/\/www.sincomam.org.br\/index.php\/wp-json\/wp\/v2\/posts\/33306\/revisions\/33307"}],"wp:featuredmedia":[{"embeddable":true,"href":"https:\/\/www.sincomam.org.br\/index.php\/wp-json\/wp\/v2\/media\/29823"}],"wp:attachment":[{"href":"https:\/\/www.sincomam.org.br\/index.php\/wp-json\/wp\/v2\/media?parent=33306"}],"wp:term":[{"taxonomy":"category","embeddable":true,"href":"https:\/\/www.sincomam.org.br\/index.php\/wp-json\/wp\/v2\/categories?post=33306"},{"taxonomy":"post_tag","embeddable":true,"href":"https:\/\/www.sincomam.org.br\/index.php\/wp-json\/wp\/v2\/tags?post=33306"}],"curies":[{"name":"wp","href":"https:\/\/api.w.org\/{rel}","templated":true}]}}