{"id":3328,"date":"2014-02-10T10:16:03","date_gmt":"2014-02-10T12:16:03","guid":{"rendered":"http:\/\/www.sincomam.org.br\/?p=3328"},"modified":"2014-02-10T13:19:56","modified_gmt":"2014-02-10T15:19:56","slug":"marinha-resgata-1-123-imigrantes-perto-da-ilha-de-lampedusa","status":"publish","type":"post","link":"https:\/\/www.sincomam.org.br\/index.php\/marinha-resgata-1-123-imigrantes-perto-da-ilha-de-lampedusa\/","title":{"rendered":"Marinha resgata 1.123 imigrantes perto da ilha de Lampedusa"},"content":{"rendered":"<p><em><b>Navios da Marinha Militar italiana e helic\u00f3pteros resgataram 1.123 imigrantes<\/b><\/em><\/p>\n<p><b>\u00a0<\/b>Navios da Marinha Militar italiana e helic\u00f3pteros do dispositivo Mare Nostrum concretizaram na madrugada desta quinta-feira as opera\u00e7\u00f5es de resgate de 1.123 imigrantes, a maioria de origem subsaariana, perto do litoral da ilha italiana de Lampedusa.<\/p>\n<p>Segundo informou a Marinha Militar em comunicado, os dispositivos italianos localizaram ontem oito barcos e uma navio em uma \u00e1rea compreendida entre 120 e 130 milhas ao sudoeste da ilha de Lampedusa, considerada a porta da imigra\u00e7\u00e3o africana para Europa.<\/p>\n<p>A nota acrescenta que entre os 1.123 imigrantes socorridos h\u00e1 47 mulheres, quatro delas gr\u00e1vidas, e 50 menores, que foram resgatados pelo navio &#8220;San Marco&#8221; e est\u00e3o sendo transferidos ao porto siciliano de Augusta.<\/p>\n<p>Devido \u00e0 situa\u00e7\u00e3o de emerg\u00eancia pelo &#8220;fluxo de imigrantes&#8221;, a Capitania dos Portos colocou \u00e0 disposi\u00e7\u00e3o da opera\u00e7\u00e3o duas patrulheiras que recuperaram primeiro a uma barca\u00e7a com 335 imigrantes a bordo.<\/p>\n<p>Por sua parte, o navio &#8220;San Marco&#8221; encontrou outras embarca\u00e7\u00f5es desprovidas de medidas de seguran\u00e7a e com problemas de flutua\u00e7\u00e3o, nas quais viajavam um total de 595 imigrantes ilegais.<\/p>\n<p>No come\u00e7o da madrugada -acrescenta o comunicado- a Marinha Militar conseguiu resgatar outras duas barca\u00e7as com outros 193 imigrantes a bordo.<\/p>\n<p>Todos eles foram transferidos ao navio &#8220;San Marco&#8221;, no qual est\u00e3o recebendo atendimento, enquanto chegam a Sic\u00edlia, onde s\u00e3o esperados amanh\u00e3.<\/p>\n<p>Fonte: Exame.com \/Roma<\/p>\n","protected":false},"excerpt":{"rendered":"<p>Navios da Marinha Militar italiana e helic\u00f3pteros resgataram 1.123 imigrantes \u00a0Navios da Marinha Militar italiana e helic\u00f3pteros do dispositivo Mare Nostrum concretizaram na madrugada desta&#8230;<\/p>\n","protected":false},"author":1182,"featured_media":3329,"comment_status":"closed","ping_status":"closed","sticky":false,"template":"","format":"standard","meta":{"footnotes":""},"categories":[6],"tags":[395,209,15,394],"class_list":["post-3328","post","type-post","status-publish","format-standard","has-post-thumbnail","hentry","category-noticias","tag-ilha","tag-italia","tag-marinha","tag-resgate"],"_links":{"self":[{"href":"https:\/\/www.sincomam.org.br\/index.php\/wp-json\/wp\/v2\/posts\/3328","targetHints":{"allow":["GET"]}}],"collection":[{"href":"https:\/\/www.sincomam.org.br\/index.php\/wp-json\/wp\/v2\/posts"}],"about":[{"href":"https:\/\/www.sincomam.org.br\/index.php\/wp-json\/wp\/v2\/types\/post"}],"author":[{"embeddable":true,"href":"https:\/\/www.sincomam.org.br\/index.php\/wp-json\/wp\/v2\/users\/1182"}],"replies":[{"embeddable":true,"href":"https:\/\/www.sincomam.org.br\/index.php\/wp-json\/wp\/v2\/comments?post=3328"}],"version-history":[{"count":1,"href":"https:\/\/www.sincomam.org.br\/index.php\/wp-json\/wp\/v2\/posts\/3328\/revisions"}],"predecessor-version":[{"id":3330,"href":"https:\/\/www.sincomam.org.br\/index.php\/wp-json\/wp\/v2\/posts\/3328\/revisions\/3330"}],"wp:featuredmedia":[{"embeddable":true,"href":"https:\/\/www.sincomam.org.br\/index.php\/wp-json\/wp\/v2\/media\/3329"}],"wp:attachment":[{"href":"https:\/\/www.sincomam.org.br\/index.php\/wp-json\/wp\/v2\/media?parent=3328"}],"wp:term":[{"taxonomy":"category","embeddable":true,"href":"https:\/\/www.sincomam.org.br\/index.php\/wp-json\/wp\/v2\/categories?post=3328"},{"taxonomy":"post_tag","embeddable":true,"href":"https:\/\/www.sincomam.org.br\/index.php\/wp-json\/wp\/v2\/tags?post=3328"}],"curies":[{"name":"wp","href":"https:\/\/api.w.org\/{rel}","templated":true}]}}