{"id":33270,"date":"2021-01-07T11:09:59","date_gmt":"2021-01-07T14:09:59","guid":{"rendered":"http:\/\/www.sincomam.org.br\/?p=33270"},"modified":"2021-01-07T11:09:59","modified_gmt":"2021-01-07T14:09:59","slug":"covid-19-prefeito-de-belo-horizonte-decretara-lockdown-na-segunda-feira","status":"publish","type":"post","link":"https:\/\/www.sincomam.org.br\/index.php\/covid-19-prefeito-de-belo-horizonte-decretara-lockdown-na-segunda-feira\/","title":{"rendered":"Covid-19: Prefeito de Belo Horizonte decretar\u00e1 lockdown na segunda-feira"},"content":{"rendered":"<p><strong><em>Alexandre Kalil diz que capital mineira est\u00e1 no &#8220;vermelho&#8221;<\/em><\/strong><\/p>\n<p>A cidade de Belo Horizonte entrar\u00e1 em regime de lockdown (bloqueio total) a partir de segunda-feira (11). O an\u00fancio foi feito pelo prefeito Alexandre Kalil em redes sociais.<\/p>\n<p>Kalil disse que a capital mineira chegou \u201cao limite da covid-19\u201d e que, ap\u00f3s uma reuni\u00e3o de governo, foi orientado a tomar a decis\u00e3o de editar um decreto fechando todos os servi\u00e7os n\u00e3o essenciais da cidade. \u201cSexta-feira [8] o decreto vai ser publicado, e segunda-feira a cidade est\u00e1 fechada\u201d, informou o prefeito.<\/p>\n<p><em>\u201cChegamos no vermelho. O comerciante tem que se preparar, porque sexta-feira estaremos soltando um decreto voltando a cidade \u00e0 estaca zero. S\u00e3o n\u00fameros impressionantes, houve uma importa\u00e7\u00e3o de doen\u00e7a surpreendente. Temos casos de fam\u00edlias inteiras, que passaram o Natal juntos, infectados e internados\u201d, acrescentou.<\/em><\/p>\n<p>De acordo com Kalil, os \u00fanicos locais n\u00e3o essenciais ainda em funcionamento ser\u00e3o as pra\u00e7as p\u00fablicas e o zool\u00f3gico, que ter\u00e1 visitas agendadas. \u201cMe desculpem, mas governar n\u00e3o \u00e9 agradar. Tivemos uma longa reuni\u00e3o hoje, fui orientado. Com exce\u00e7\u00e3o das pra\u00e7as p\u00fablicas e do zool\u00f3gico agendado, [a cidade] estar\u00e1 com servi\u00e7os essenciais abertos e todo o resto fechado\u201d, finalizou Kalil, em v\u00eddeo.<\/p>\n<p>Fonte: Ag\u00eancia Brasil<\/p>\n","protected":false},"excerpt":{"rendered":"<p>Alexandre Kalil diz que capital mineira est\u00e1 no &#8220;vermelho&#8221; A cidade de Belo Horizonte entrar\u00e1 em regime de lockdown (bloqueio total) a partir de segunda-feira&#8230;<\/p>\n","protected":false},"author":1182,"featured_media":33271,"comment_status":"closed","ping_status":"closed","sticky":false,"template":"","format":"standard","meta":{"footnotes":""},"categories":[6],"tags":[4239,2752,2751,2934,3014],"class_list":["post-33270","post","type-post","status-publish","format-standard","has-post-thumbnail","hentry","category-noticias","tag-belo-horizonte","tag-coronavirus","tag-covid-19","tag-lockdown","tag-prefeito"],"_links":{"self":[{"href":"https:\/\/www.sincomam.org.br\/index.php\/wp-json\/wp\/v2\/posts\/33270","targetHints":{"allow":["GET"]}}],"collection":[{"href":"https:\/\/www.sincomam.org.br\/index.php\/wp-json\/wp\/v2\/posts"}],"about":[{"href":"https:\/\/www.sincomam.org.br\/index.php\/wp-json\/wp\/v2\/types\/post"}],"author":[{"embeddable":true,"href":"https:\/\/www.sincomam.org.br\/index.php\/wp-json\/wp\/v2\/users\/1182"}],"replies":[{"embeddable":true,"href":"https:\/\/www.sincomam.org.br\/index.php\/wp-json\/wp\/v2\/comments?post=33270"}],"version-history":[{"count":1,"href":"https:\/\/www.sincomam.org.br\/index.php\/wp-json\/wp\/v2\/posts\/33270\/revisions"}],"predecessor-version":[{"id":33272,"href":"https:\/\/www.sincomam.org.br\/index.php\/wp-json\/wp\/v2\/posts\/33270\/revisions\/33272"}],"wp:featuredmedia":[{"embeddable":true,"href":"https:\/\/www.sincomam.org.br\/index.php\/wp-json\/wp\/v2\/media\/33271"}],"wp:attachment":[{"href":"https:\/\/www.sincomam.org.br\/index.php\/wp-json\/wp\/v2\/media?parent=33270"}],"wp:term":[{"taxonomy":"category","embeddable":true,"href":"https:\/\/www.sincomam.org.br\/index.php\/wp-json\/wp\/v2\/categories?post=33270"},{"taxonomy":"post_tag","embeddable":true,"href":"https:\/\/www.sincomam.org.br\/index.php\/wp-json\/wp\/v2\/tags?post=33270"}],"curies":[{"name":"wp","href":"https:\/\/api.w.org\/{rel}","templated":true}]}}