{"id":33267,"date":"2021-01-07T11:01:21","date_gmt":"2021-01-07T14:01:21","guid":{"rendered":"http:\/\/www.sincomam.org.br\/?p=33267"},"modified":"2021-01-07T11:01:21","modified_gmt":"2021-01-07T14:01:21","slug":"caminhoneiros-organizam-paralisacao-nacional-para-1o-de-fevereiro","status":"publish","type":"post","link":"https:\/\/www.sincomam.org.br\/index.php\/caminhoneiros-organizam-paralisacao-nacional-para-1o-de-fevereiro\/","title":{"rendered":"Caminhoneiros organizam paralisa\u00e7\u00e3o nacional para 1\u00ba de fevereiro"},"content":{"rendered":"<p><strong><em>Alta no valor dos combust\u00edveis \u00e9 a causa da paralisa\u00e7\u00e3o da categoria<\/em><\/strong><\/p>\n<p>Entidades representantes de caminhoneiros decidiram pela paralisa\u00e7\u00e3o geral da categoria, em todo o Brasil, no pr\u00f3ximo dia 1\u00ba de fevereiro. A decis\u00e3o foi tomada na Assembleia Geral Extraordin\u00e1ria do Conselho Nacional de Transporte Rodovi\u00e1rio de Cargas (CNTRC), realizada nesta ter\u00e7a-feira, 5.<\/p>\n<p>A principal reivindica\u00e7\u00e3o da categoria \u00e9 contra a alta no valor dos combust\u00edveis, considerada abusiva. Os caminhoneiros tamb\u00e9m buscam, entre outras pautas, o estabelecimento de um piso m\u00ednimo de frente para o transportador aut\u00f4nomo, aposentadoria especial, marco regulat\u00f3rio do transporte e uma fiscaliza\u00e7\u00e3o mais atuante da Ag\u00eancia Nacional de Transportes Terrestres (ANTT).<\/p>\n<p>Segundo o Sindicato dos Transportadores Aut\u00f4nomos de Bens de Feira de Santana e Regi\u00e3o (Sintracam), a orienta\u00e7\u00e3o \u00e9 que no dia 1\u00ba de fevereiro os caminhoneiros fiquem em casa. &#8220;Nas rodovias, s\u00f3 vai passar \u00f4nibus e carro pequeno. Caminh\u00e3o n\u00e3o passa&#8221;, diz o representante de classe.<\/p>\n<p>Fonte: A Tarde\/UOL<\/p>\n","protected":false},"excerpt":{"rendered":"<p>Alta no valor dos combust\u00edveis \u00e9 a causa da paralisa\u00e7\u00e3o da categoria Entidades representantes de caminhoneiros decidiram pela paralisa\u00e7\u00e3o geral da categoria, em todo o&#8230;<\/p>\n","protected":false},"author":1182,"featured_media":33268,"comment_status":"closed","ping_status":"closed","sticky":false,"template":"","format":"standard","meta":{"footnotes":""},"categories":[6],"tags":[61,2935,110,244,1239],"class_list":["post-33267","post","type-post","status-publish","format-standard","has-post-thumbnail","hentry","category-noticias","tag-brasil","tag-caminhoneiros","tag-combustivel","tag-greve","tag-paralisacao"],"_links":{"self":[{"href":"https:\/\/www.sincomam.org.br\/index.php\/wp-json\/wp\/v2\/posts\/33267","targetHints":{"allow":["GET"]}}],"collection":[{"href":"https:\/\/www.sincomam.org.br\/index.php\/wp-json\/wp\/v2\/posts"}],"about":[{"href":"https:\/\/www.sincomam.org.br\/index.php\/wp-json\/wp\/v2\/types\/post"}],"author":[{"embeddable":true,"href":"https:\/\/www.sincomam.org.br\/index.php\/wp-json\/wp\/v2\/users\/1182"}],"replies":[{"embeddable":true,"href":"https:\/\/www.sincomam.org.br\/index.php\/wp-json\/wp\/v2\/comments?post=33267"}],"version-history":[{"count":1,"href":"https:\/\/www.sincomam.org.br\/index.php\/wp-json\/wp\/v2\/posts\/33267\/revisions"}],"predecessor-version":[{"id":33269,"href":"https:\/\/www.sincomam.org.br\/index.php\/wp-json\/wp\/v2\/posts\/33267\/revisions\/33269"}],"wp:featuredmedia":[{"embeddable":true,"href":"https:\/\/www.sincomam.org.br\/index.php\/wp-json\/wp\/v2\/media\/33268"}],"wp:attachment":[{"href":"https:\/\/www.sincomam.org.br\/index.php\/wp-json\/wp\/v2\/media?parent=33267"}],"wp:term":[{"taxonomy":"category","embeddable":true,"href":"https:\/\/www.sincomam.org.br\/index.php\/wp-json\/wp\/v2\/categories?post=33267"},{"taxonomy":"post_tag","embeddable":true,"href":"https:\/\/www.sincomam.org.br\/index.php\/wp-json\/wp\/v2\/tags?post=33267"}],"curies":[{"name":"wp","href":"https:\/\/api.w.org\/{rel}","templated":true}]}}