{"id":33262,"date":"2021-01-06T10:33:52","date_gmt":"2021-01-06T13:33:52","guid":{"rendered":"http:\/\/www.sincomam.org.br\/?p=33262"},"modified":"2021-01-06T10:33:52","modified_gmt":"2021-01-06T13:33:52","slug":"pis-pasep-2020-2021-abono-salarial-tem-reajuste-por-causa-do-novo-salario-minimo","status":"publish","type":"post","link":"https:\/\/www.sincomam.org.br\/index.php\/pis-pasep-2020-2021-abono-salarial-tem-reajuste-por-causa-do-novo-salario-minimo\/","title":{"rendered":"PIS-Pasep 2020-2021: abono salarial tem reajuste por causa do novo sal\u00e1rio m\u00ednimo"},"content":{"rendered":"<p><strong><em>Sal\u00e1rio m\u00ednimo passou de R$ 1.045 para R$ 1.100 a partir de 1\u00ba de janeiro; trabalhadores que ainda n\u00e3o sacaram benef\u00edcio ter\u00e3o abono reajustado<\/em><\/strong><\/p>\n<p>O valor do abono salarial PIS-Pasep 2020-2021 foi atualizado devido ao reajuste do sal\u00e1rio m\u00ednimo, que passou de R$ 1.045 para R$ 1.100 a partir de 1\u00ba de janeiro.<\/p>\n<p>Esse novo valor ser\u00e1 pago para: trabalhadores nascidos entre os meses de julho e dezembro ou com n\u00famero final da inscri\u00e7\u00e3o entre 0 e 4 que ainda n\u00e3o sacaram o benef\u00edcio; nascidos entre janeiro e junho e com n\u00fameros de inscri\u00e7\u00e3o de 5 a 9 que ainda v\u00e3o receber nas datas previstas no calend\u00e1rio de pagamentos.<\/p>\n<p>O calend\u00e1rio de recebimento leva em considera\u00e7\u00e3o o m\u00eas de nascimento, para trabalhadores da iniciativa privada, e o n\u00famero final da inscri\u00e7\u00e3o, para servidores p\u00fablicos. O PIS \u00e9 destinado aos trabalhadores do setor privado e \u00e9 pago na Caixa Econ\u00f4mica Federal. O Pasep \u00e9 pago para servidores p\u00fablicos por meio do Banco do Brasil.<\/p>\n<p>Com o reajuste do sal\u00e1rio m\u00ednimo, o valor do abono salarial passou a variar de R$ 92 a R$ 1.100, de acordo com a quantidade de meses trabalhados durante o ano-base 2019. S\u00f3 receber\u00e1 o valor total quem trabalhou os 12 meses de 2019.<\/p>\n<p>Quem nasceu nos meses de julho a dezembro ou tem n\u00famero final de inscri\u00e7\u00e3o entre 0 e 4 teve o direito de sacar o benef\u00edcio ainda no ano de 2020. J\u00e1 os nascidos entre janeiro e junho e com n\u00famero de inscri\u00e7\u00e3o entre 5 e 9 receber\u00e3o no primeiro semestre de 2021. Em qualquer situa\u00e7\u00e3o, o recurso ficar\u00e1 \u00e0 disposi\u00e7\u00e3o do trabalhador at\u00e9 30 de junho de 2021, prazo final para o recebimento.<\/p>\n<p>Com rela\u00e7\u00e3o ao abono salarial de exerc\u00edcios anteriores que ainda n\u00e3o foram sacados pelos trabalhadores, a Caixa Econ\u00f4mica Federal informa que os benef\u00edcios com valores atualizados estar\u00e3o dispon\u00edveis para saque a partir do dia 5 de janeiro.<\/p>\n<p><strong>Quem tem direito<\/strong><\/p>\n<p>Tem direito ao abono salarial quem recebeu, em m\u00e9dia, at\u00e9 dois sal\u00e1rios m\u00ednimos mensais com carteira assinada e exerceu atividade remunerada durante, pelo menos, 30 dias em 2019. \u00c9 preciso ainda estar inscrito no PIS\/Pasep h\u00e1 pelo menos cinco anos e ter os dados atualizados pelo empregador na Rela\u00e7\u00e3o Anual de Informa\u00e7\u00f5es Sociais (Rais).<\/p>\n<p><strong>Como sacar<\/strong><\/p>\n<p>Para sacar o abono do PIS, o trabalhador que possuir Cart\u00e3o do Cidad\u00e3o e senha cadastrada pode se dirigir aos terminais de autoatendimento da Caixa ou a uma casa lot\u00e9rica. Se n\u00e3o tiver o Cart\u00e3o do Cidad\u00e3o, pode receber o valor em qualquer ag\u00eancia da Caixa, mediante apresenta\u00e7\u00e3o de documento de identifica\u00e7\u00e3o.<\/p>\n<p>Informa\u00e7\u00f5es sobre o PIS podem ser obtidas pelo telefone 0800-726-02-07 da Caixa. O trabalhador pode fazer consulta ainda no site http:\/\/www.caixa.gov.br\/abonosalarial\/ ou no app CAIXA Trabalhador. Para isso, \u00e9 preciso ter o n\u00famero do NIS (PIS\/Pasep) em m\u00e3os.<\/p>\n<p>Fonte: G1<\/p>\n","protected":false},"excerpt":{"rendered":"<p>Sal\u00e1rio m\u00ednimo passou de R$ 1.045 para R$ 1.100 a partir de 1\u00ba de janeiro; trabalhadores que ainda n\u00e3o sacaram benef\u00edcio ter\u00e3o abono reajustado O&#8230;<\/p>\n","protected":false},"author":1182,"featured_media":31111,"comment_status":"closed","ping_status":"closed","sticky":false,"template":"","format":"standard","meta":{"footnotes":""},"categories":[6],"tags":[697,204,3303,392,403],"class_list":["post-33262","post","type-post","status-publish","format-standard","has-post-thumbnail","hentry","category-noticias","tag-abono","tag-pagamento","tag-pis-pasep","tag-reajuste","tag-salario"],"_links":{"self":[{"href":"https:\/\/www.sincomam.org.br\/index.php\/wp-json\/wp\/v2\/posts\/33262","targetHints":{"allow":["GET"]}}],"collection":[{"href":"https:\/\/www.sincomam.org.br\/index.php\/wp-json\/wp\/v2\/posts"}],"about":[{"href":"https:\/\/www.sincomam.org.br\/index.php\/wp-json\/wp\/v2\/types\/post"}],"author":[{"embeddable":true,"href":"https:\/\/www.sincomam.org.br\/index.php\/wp-json\/wp\/v2\/users\/1182"}],"replies":[{"embeddable":true,"href":"https:\/\/www.sincomam.org.br\/index.php\/wp-json\/wp\/v2\/comments?post=33262"}],"version-history":[{"count":1,"href":"https:\/\/www.sincomam.org.br\/index.php\/wp-json\/wp\/v2\/posts\/33262\/revisions"}],"predecessor-version":[{"id":33263,"href":"https:\/\/www.sincomam.org.br\/index.php\/wp-json\/wp\/v2\/posts\/33262\/revisions\/33263"}],"wp:featuredmedia":[{"embeddable":true,"href":"https:\/\/www.sincomam.org.br\/index.php\/wp-json\/wp\/v2\/media\/31111"}],"wp:attachment":[{"href":"https:\/\/www.sincomam.org.br\/index.php\/wp-json\/wp\/v2\/media?parent=33262"}],"wp:term":[{"taxonomy":"category","embeddable":true,"href":"https:\/\/www.sincomam.org.br\/index.php\/wp-json\/wp\/v2\/categories?post=33262"},{"taxonomy":"post_tag","embeddable":true,"href":"https:\/\/www.sincomam.org.br\/index.php\/wp-json\/wp\/v2\/tags?post=33262"}],"curies":[{"name":"wp","href":"https:\/\/api.w.org\/{rel}","templated":true}]}}