{"id":33239,"date":"2021-01-05T10:40:12","date_gmt":"2021-01-05T13:40:12","guid":{"rendered":"http:\/\/www.sincomam.org.br\/?p=33239"},"modified":"2021-01-05T10:40:12","modified_gmt":"2021-01-05T13:40:12","slug":"sp-vai-pedir-aplicacao-emergencial-da-coronavac-a-anvisa-nesta-quinta-feira","status":"publish","type":"post","link":"https:\/\/www.sincomam.org.br\/index.php\/sp-vai-pedir-aplicacao-emergencial-da-coronavac-a-anvisa-nesta-quinta-feira\/","title":{"rendered":"SP vai pedir aplica\u00e7\u00e3o emergencial da CoronaVac \u00e0 Anvisa nesta quinta-feira"},"content":{"rendered":"<p><strong><em>Estado de S\u00e3o Paulo deve come\u00e7ar a vacina\u00e7\u00e3o em 25 de janeiro de 2021<\/em><\/strong><\/p>\n<p>O governo do Estado de S\u00e3o Paulo vai pedir a autoriza\u00e7\u00e3o para o uso emergencial da CoronaVac, vacina contra a covid-19, nesta quinta-feira (7) \u00e0 Anvisa (Ag\u00eancia Nacional de Vigil\u00e2ncia Sanit\u00e1ria).<\/p>\n<p>O an\u00fancio ser\u00e1 feito durante a entrevista coletiva do governo para o an\u00fancio da reclassifica\u00e7\u00e3o das cidades no Plano S\u00e3o Paulo. Com a documenta\u00e7\u00e3o e os estudos do laborat\u00f3rio Sinovac Biotech (autor da vacina) em m\u00e3os, a Anvisa ter\u00e1 dez dias para autorizar ou n\u00e3o a aplica\u00e7\u00e3o do imunizante.<\/p>\n<p>O objetivo do comit\u00ea de sa\u00fade estadual \u00e9 conseguir junto \u00e0 Anvisa toda a libera\u00e7\u00e3o da CoronaVac antes de 25 de janeiro, dia marcado para o in\u00edcio da vacina\u00e7\u00e3o do Estado.<\/p>\n<p>O governador de S\u00e3o Paulo, Jo\u00e3o Doria, j\u00e1 insistiu em diversas ocasi\u00f5es que a aplica\u00e7\u00e3o acontecer\u00e1. Ser\u00e1 solicitado ao \u00f3rg\u00e3o tanto o uso emergencial quanto o definitivo da imuniza\u00e7\u00e3o. A diferen\u00e7a entre os dois processos \u00e9 que a an\u00e1lise dos dados da vacina para aplica\u00e7\u00e3o definitiva \u00e9 mais demorada e levaria alguns meses.<\/p>\n<p>A vacina \u00e9 aplicada por via intramuscular. A CoronaVac, vacina produzida pela pela Sinovac Life Science Co, em parceria do Instituto Butantan (SP).<\/p>\n<p><strong>Dados de efic\u00e1cia<\/strong><\/p>\n<p>O percentual de efic\u00e1cia da CoronaVac ainda n\u00e3o foi divulgado pelo governo estadual, mas o comit\u00ea de sa\u00fade e o Instituto Butantan, \u00f3rg\u00e3o que fabrica a maioria das vacinas brasileiras, garantem que a vacina \u00e9 eficaz, mesmo que n\u00e3o chegue aos 90%.<\/p>\n<p>Por um imbr\u00f3glio envolvendo o governo, a Sinovac Biotech e outros pa\u00edses em que a vacina est\u00e1 sendo aplicada, a divulga\u00e7\u00e3o desse \u00edndice foi adiada e deve ser fornecida diretamente \u00e0 Anvisa.<\/p>\n<p>Em entrevista \u00e0 GloboNews hoje, o secret\u00e1rio de Sa\u00fade, Jean Gorinchteyn, disse que ainda n\u00e3o h\u00e1 um acordo definitivo com o Minist\u00e9rio da Sa\u00fade para que a CoronaVac seja utilizada pelo governo federal em todo o Brasil.<\/p>\n<p>As negocia\u00e7\u00f5es est\u00e3o abertas, e a vacina est\u00e1 prevista no PNI (Programa Nacional de Imuniza\u00e7\u00e3o). Mas, mesmo sem acordo com a pasta federal, Gorinchteyn ressaltou que a vacina\u00e7\u00e3o em S\u00e3o Paulo acontecer\u00e1 a partir do dia 25 de janeiro, conforme o previsto desde o ano passado.<\/p>\n<p><strong>Variante da Covid-19<\/strong><\/p>\n<p>A Secretaria Estadual de Sa\u00fade de S\u00e3o Paulo confirmou hoje os dois primeiros casos no Brasil da variante &#8220;B.1.1.7&#8221; do novo coronav\u00edrus identificada inicialmente no Reino Unido.<\/p>\n<p>A confirma\u00e7\u00e3o vem ap\u00f3s o sequenciamento gen\u00e9tico realizado pelo Instituto Adolfo Lutz de amostras encaminhadas pelo laborat\u00f3rio privado Dasa no \u00faltimo s\u00e1bado (2).<\/p>\n<p>Fonte: UOL<\/p>\n","protected":false},"excerpt":{"rendered":"<p>Estado de S\u00e3o Paulo deve come\u00e7ar a vacina\u00e7\u00e3o em 25 de janeiro de 2021 O governo do Estado de S\u00e3o Paulo vai pedir a autoriza\u00e7\u00e3o&#8230;<\/p>\n","protected":false},"author":1182,"featured_media":30726,"comment_status":"closed","ping_status":"closed","sticky":false,"template":"","format":"standard","meta":{"footnotes":""},"categories":[6],"tags":[1705,4228,2752,2751,1460,325,1005,1375,366,864,674,4229],"class_list":["post-33239","post","type-post","status-publish","format-standard","has-post-thumbnail","hentry","category-noticias","tag-anvisa","tag-aplicacao","tag-coronavirus","tag-covid-19","tag-infectados","tag-liberacao","tag-mortes","tag-populacao","tag-sao-paulo","tag-teste","tag-vacina","tag-variante"],"_links":{"self":[{"href":"https:\/\/www.sincomam.org.br\/index.php\/wp-json\/wp\/v2\/posts\/33239","targetHints":{"allow":["GET"]}}],"collection":[{"href":"https:\/\/www.sincomam.org.br\/index.php\/wp-json\/wp\/v2\/posts"}],"about":[{"href":"https:\/\/www.sincomam.org.br\/index.php\/wp-json\/wp\/v2\/types\/post"}],"author":[{"embeddable":true,"href":"https:\/\/www.sincomam.org.br\/index.php\/wp-json\/wp\/v2\/users\/1182"}],"replies":[{"embeddable":true,"href":"https:\/\/www.sincomam.org.br\/index.php\/wp-json\/wp\/v2\/comments?post=33239"}],"version-history":[{"count":1,"href":"https:\/\/www.sincomam.org.br\/index.php\/wp-json\/wp\/v2\/posts\/33239\/revisions"}],"predecessor-version":[{"id":33240,"href":"https:\/\/www.sincomam.org.br\/index.php\/wp-json\/wp\/v2\/posts\/33239\/revisions\/33240"}],"wp:featuredmedia":[{"embeddable":true,"href":"https:\/\/www.sincomam.org.br\/index.php\/wp-json\/wp\/v2\/media\/30726"}],"wp:attachment":[{"href":"https:\/\/www.sincomam.org.br\/index.php\/wp-json\/wp\/v2\/media?parent=33239"}],"wp:term":[{"taxonomy":"category","embeddable":true,"href":"https:\/\/www.sincomam.org.br\/index.php\/wp-json\/wp\/v2\/categories?post=33239"},{"taxonomy":"post_tag","embeddable":true,"href":"https:\/\/www.sincomam.org.br\/index.php\/wp-json\/wp\/v2\/tags?post=33239"}],"curies":[{"name":"wp","href":"https:\/\/api.w.org\/{rel}","templated":true}]}}