{"id":33223,"date":"2021-01-04T12:01:49","date_gmt":"2021-01-04T15:01:49","guid":{"rendered":"http:\/\/www.sincomam.org.br\/?p=33223"},"modified":"2021-01-04T12:06:21","modified_gmt":"2021-01-04T15:06:21","slug":"saiba-como-ficara-os-feriados-e-pontos-facultativos-de-2021","status":"publish","type":"post","link":"https:\/\/www.sincomam.org.br\/index.php\/saiba-como-ficara-os-feriados-e-pontos-facultativos-de-2021\/","title":{"rendered":"Veja o calend\u00e1rio dos feriados e pontos facultativos de 2021"},"content":{"rendered":"<p><strong><em>&#8220;Datas dever\u00e3o ser observadas pelos \u00f3rg\u00e3os e entidades de todo o pa\u00eds&#8221;, disse o Governo<\/em><\/strong><\/p>\n<p>O Minist\u00e9rio da Economia divulgou os feriados nacionais e pontos facultativos no ano de 2021, no Brasil. As datas dever\u00e3o ser observadas pelos \u00f3rg\u00e3os e entidades da Administra\u00e7\u00e3o P\u00fablica Federal direta, aut\u00e1rquica e fundacional do Poder Executivo, sem comprometimento das atividades p\u00fablicas consideradas como servi\u00e7os essenciais \u00e0 popula\u00e7\u00e3o.<\/p>\n<p>Segundo estabelece a portaria, os dias de guarda dos credos e religi\u00f5es n\u00e3o relacionados poder\u00e3o ser compensados desde que previamente autorizados pelo respons\u00e1vel pela unidade administrativa de exerc\u00edcio do servidor.<\/p>\n<p>Os feriados declarados em lei estadual ou municipal ser\u00e3o observados pelas reparti\u00e7\u00f5es da Administra\u00e7\u00e3o P\u00fablica Federal direta, aut\u00e1rquica e fundacional nas respectivas localidades.<\/p>\n<p>O Minist\u00e9rio informou ainda que n\u00e3o ser\u00e1 permitido aos \u00f3rg\u00e3os e entidades integrantes do Sistema de Pessoal Civil da Administra\u00e7\u00e3o Federal antecipar ou postergar ponto facultativo em discord\u00e2ncia com o que disp\u00f5e a portaria.<\/p>\n<p><strong>Confira abaixo o calend\u00e1rio 2021:<\/strong><\/p>\n<ul>\n<li>1\u00ba de janeiro: Confraterniza\u00e7\u00e3o Universal (feriado nacional);<\/li>\n<li>15 de fevereiro: Carnaval (ponto facultativo);<\/li>\n<li>16 de fevereiro: Carnaval (ponto facultativo);<\/li>\n<li>17 de fevereiro: Quarta-feira de cinzas (ponto facultativo at\u00e9 as 14 horas);<\/li>\n<li>2 de abril: Paix\u00e3o de Cristo (feriado nacional);<\/li>\n<li>21 de abril: Tiradentes (feriado nacional);<\/li>\n<li>1\u00ba de maio: Dia Mundial do Trabalho (feriado nacional);<\/li>\n<li>3 de junho: Corpus Christi (ponto facultativo);<\/li>\n<li>7 de setembro: Independ\u00eancia do Brasil (feriado nacional);<\/li>\n<li>12 de outubro: Nossa Senhora Aparecida (feriado nacional);<\/li>\n<li>28 de outubro: Dia do Servidor P\u00fablico &#8211; art. 236 da Lei n\u00ba 8.112, de 11 de dezembro de 1990, a ser comemorado no dia 1\u00ba de novembro (ponto facultativo);<\/li>\n<li>2 de novembro: Finados (feriado nacional);<\/li>\n<li>15 de novembro: Proclama\u00e7\u00e3o da Rep\u00fablica (feriado nacional);<\/li>\n<li>24 de dezembro: V\u00e9spera de Natal (ponto facultativo ap\u00f3s as 14 horas);<\/li>\n<li>25 de dezembro: Natal (feriado nacional); e<\/li>\n<li>31 de dezembro: V\u00e9spera de ano-novo (ponto facultativo ap\u00f3s \u00e0s 14 horas).<\/li>\n<\/ul>\n<p>*Com informa\u00e7\u00f5es do Minist\u00e9rio da Economia<\/p>\n","protected":false},"excerpt":{"rendered":"<p>&#8220;Datas dever\u00e3o ser observadas pelos \u00f3rg\u00e3os e entidades de todo o pa\u00eds&#8221;, disse o Governo O Minist\u00e9rio da Economia divulgou os feriados nacionais e pontos&#8230;<\/p>\n","protected":false},"author":1182,"featured_media":33224,"comment_status":"closed","ping_status":"closed","sticky":false,"template":"","format":"standard","meta":{"footnotes":""},"categories":[6],"tags":[61,856,4226,192,378,4227],"class_list":["post-33223","post","type-post","status-publish","format-standard","has-post-thumbnail","hentry","category-noticias","tag-brasil","tag-economia","tag-feriados","tag-governo","tag-ministerio","tag-ponto-facultativo"],"_links":{"self":[{"href":"https:\/\/www.sincomam.org.br\/index.php\/wp-json\/wp\/v2\/posts\/33223","targetHints":{"allow":["GET"]}}],"collection":[{"href":"https:\/\/www.sincomam.org.br\/index.php\/wp-json\/wp\/v2\/posts"}],"about":[{"href":"https:\/\/www.sincomam.org.br\/index.php\/wp-json\/wp\/v2\/types\/post"}],"author":[{"embeddable":true,"href":"https:\/\/www.sincomam.org.br\/index.php\/wp-json\/wp\/v2\/users\/1182"}],"replies":[{"embeddable":true,"href":"https:\/\/www.sincomam.org.br\/index.php\/wp-json\/wp\/v2\/comments?post=33223"}],"version-history":[{"count":4,"href":"https:\/\/www.sincomam.org.br\/index.php\/wp-json\/wp\/v2\/posts\/33223\/revisions"}],"predecessor-version":[{"id":33228,"href":"https:\/\/www.sincomam.org.br\/index.php\/wp-json\/wp\/v2\/posts\/33223\/revisions\/33228"}],"wp:featuredmedia":[{"embeddable":true,"href":"https:\/\/www.sincomam.org.br\/index.php\/wp-json\/wp\/v2\/media\/33224"}],"wp:attachment":[{"href":"https:\/\/www.sincomam.org.br\/index.php\/wp-json\/wp\/v2\/media?parent=33223"}],"wp:term":[{"taxonomy":"category","embeddable":true,"href":"https:\/\/www.sincomam.org.br\/index.php\/wp-json\/wp\/v2\/categories?post=33223"},{"taxonomy":"post_tag","embeddable":true,"href":"https:\/\/www.sincomam.org.br\/index.php\/wp-json\/wp\/v2\/tags?post=33223"}],"curies":[{"name":"wp","href":"https:\/\/api.w.org\/{rel}","templated":true}]}}