{"id":33217,"date":"2021-01-04T08:00:22","date_gmt":"2021-01-04T11:00:22","guid":{"rendered":"http:\/\/www.sincomam.org.br\/?p=33217"},"modified":"2021-01-04T12:03:09","modified_gmt":"2021-01-04T15:03:09","slug":"mec-preve-adesao-de-54-escolas-ao-modelo-civico-militar-em-2021","status":"publish","type":"post","link":"https:\/\/www.sincomam.org.br\/index.php\/mec-preve-adesao-de-54-escolas-ao-modelo-civico-militar-em-2021\/","title":{"rendered":"MEC prev\u00ea ades\u00e3o de 54 escolas ao modelo c\u00edvico-militar em 2021"},"content":{"rendered":"<p><strong><em>Participa\u00e7\u00e3o em programa \u00e9 volunt\u00e1ria. Lista com locais selecionados dever\u00e1 ser divulgada em 25 de janeiro.<\/em><\/strong><\/p>\n<p>O Minist\u00e9rio da Educa\u00e7\u00e3o (MEC) prev\u00ea a ades\u00e3o de 54 escolas ao modelo c\u00edvico-militar em 2021, gest\u00e3o defendida pelo governo Jair Bolsonaro para melhorar a qualidade do ensino p\u00fablico. Ades\u00e3o \u00e9 volunt\u00e1ria. A lista com locais selecionados dever\u00e1 ser divulgada em 25 de janeiro.<\/p>\n<p>Quando anunciado, em 2019, o programa previa 200 escolas neste modelo at\u00e9 2023.<\/p>\n<p>Em 2020, mais de 50 escolas aderiram ao piloto do programa. A previs\u00e3o era que cada escola recebesse R$ 1 milh\u00e3o para implementar o projeto, de acordo com o MEC.<\/p>\n<p>Para especialistas, o investimento \u00e9 alto se considerado o impacto da pol\u00edtica, que abrange uma pequena parcela da popula\u00e7\u00e3o. J\u00e1 o MEC defendeu, na \u00e9poca, o &#8220;pluralismo pedag\u00f3gico&#8221;.<\/p>\n<p>De acordo com a portaria publicada no dia 28 de dezembro de 2020, no &#8220;Di\u00e1rio Oficial da Uni\u00e3o&#8221;, o governo pretende priorizar a instala\u00e7\u00e3o de duas escolas c\u00edvico-militares em todos os estados e no DF, o que daria a soma de 54 institui\u00e7\u00f5es neste modelo.<\/p>\n<p>Para participar do programa, as escolas devem ter entre 501 a 1 mil matr\u00edculas nos anos finais do ensino fundamental e m\u00e9dio; atender aos turnos matutino e\/ou vespertino; ter alunos em situa\u00e7\u00e3o de vulnerabilidade social; desempenho abaixo da m\u00e9dia estadual no \u00cdndice de Desenvolvimento da Educa\u00e7\u00e3o B\u00e1sica (Ideb); e contar com a aprova\u00e7\u00e3o da comunidade escolar, por meio de consulta p\u00fablica presencial ou eletr\u00f4nica.<\/p>\n<p><strong>O que s\u00e3o as escolas c\u00edvico-militares?<\/strong><\/p>\n<p>O modelo c\u00edvico-militar \u00e9 diferente do modelo das escolas militares mantidas pelas For\u00e7as Armadas. De acordo com o MEC, as secretarias estaduais de educa\u00e7\u00e3o continuariam respons\u00e1veis pelos curr\u00edculos escolares e caberia aos militares a atua\u00e7\u00e3o como monitores na gest\u00e3o educacional.<\/p>\n<p>O MEC alega que as escolas que seguem este modelo t\u00eam taxa de evas\u00e3o 71% menor e de reprova\u00e7\u00e3o 37,4% inferior.<\/p>\n<p>Mas especialistas afirmam que este n\u00e3o \u00e9 o \u00fanico modelo de gest\u00e3o escolar que tem sucesso. Em fevereiro, 12 entidades divulgaram nota na qual apontam que h\u00e1 tanto escolas p\u00fablicas n\u00e3o militares quanto militarizadas com resultados de excel\u00eancia.<\/p>\n<p>O programa de escolas c\u00edvico-militares (Pecim) prev\u00ea dois modelos de pactua\u00e7\u00e3o, que ser\u00e3o escolhidos pelo MEC:<\/p>\n<ul>\n<li>Disponibiliza\u00e7\u00e3o de Pessoal: por este modelo, o Minist\u00e9rio da Defesa, em parceria com o MEC, disponibiliza pessoal das For\u00e7as Armadas para atuar nas escolas. Em contrapartida, estados, munic\u00edpios e Distrito Federal far\u00e3o investimentos nas instala\u00e7\u00f5es e infraestrutura.<\/li>\n<li>Repasse de Recursos: segundo a portaria, por este modelo o MEC far\u00e1 o aporte financeiro por meio do Plano de A\u00e7\u00f5es Articuladas (PAR) e Programa Dinheiro Direto na Escola (PDDE), atrav\u00e9s do Fundo Nacional de Desenvolvimento da Educa\u00e7\u00e3o (FNDE) para adaptar as escolas regulares \u00e0 implanta\u00e7\u00e3o do modelo.<\/li>\n<\/ul>\n<p>Fonte: G1 \/ Foto: Reprodu\u00e7\u00e3o TV Gazeta<\/p>\n","protected":false},"excerpt":{"rendered":"<p>Participa\u00e7\u00e3o em programa \u00e9 volunt\u00e1ria. Lista com locais selecionados dever\u00e1 ser divulgada em 25 de janeiro. O Minist\u00e9rio da Educa\u00e7\u00e3o (MEC) prev\u00ea a ades\u00e3o de&#8230;<\/p>\n","protected":false},"author":1182,"featured_media":33218,"comment_status":"closed","ping_status":"closed","sticky":false,"template":"","format":"standard","meta":{"footnotes":""},"categories":[6],"tags":[61,4223,1365,4224,1446,894,555,1353,4190,1589],"class_list":["post-33217","post","type-post","status-publish","format-standard","has-post-thumbnail","hentry","category-noticias","tag-brasil","tag-civico-militar","tag-educacao","tag-ensino","tag-escola","tag-forcas-armadas","tag-janeiro","tag-mec","tag-qualidade","tag-voluntario"],"_links":{"self":[{"href":"https:\/\/www.sincomam.org.br\/index.php\/wp-json\/wp\/v2\/posts\/33217","targetHints":{"allow":["GET"]}}],"collection":[{"href":"https:\/\/www.sincomam.org.br\/index.php\/wp-json\/wp\/v2\/posts"}],"about":[{"href":"https:\/\/www.sincomam.org.br\/index.php\/wp-json\/wp\/v2\/types\/post"}],"author":[{"embeddable":true,"href":"https:\/\/www.sincomam.org.br\/index.php\/wp-json\/wp\/v2\/users\/1182"}],"replies":[{"embeddable":true,"href":"https:\/\/www.sincomam.org.br\/index.php\/wp-json\/wp\/v2\/comments?post=33217"}],"version-history":[{"count":1,"href":"https:\/\/www.sincomam.org.br\/index.php\/wp-json\/wp\/v2\/posts\/33217\/revisions"}],"predecessor-version":[{"id":33219,"href":"https:\/\/www.sincomam.org.br\/index.php\/wp-json\/wp\/v2\/posts\/33217\/revisions\/33219"}],"wp:featuredmedia":[{"embeddable":true,"href":"https:\/\/www.sincomam.org.br\/index.php\/wp-json\/wp\/v2\/media\/33218"}],"wp:attachment":[{"href":"https:\/\/www.sincomam.org.br\/index.php\/wp-json\/wp\/v2\/media?parent=33217"}],"wp:term":[{"taxonomy":"category","embeddable":true,"href":"https:\/\/www.sincomam.org.br\/index.php\/wp-json\/wp\/v2\/categories?post=33217"},{"taxonomy":"post_tag","embeddable":true,"href":"https:\/\/www.sincomam.org.br\/index.php\/wp-json\/wp\/v2\/tags?post=33217"}],"curies":[{"name":"wp","href":"https:\/\/api.w.org\/{rel}","templated":true}]}}