{"id":33211,"date":"2021-01-04T11:01:59","date_gmt":"2021-01-04T14:01:59","guid":{"rendered":"http:\/\/www.sincomam.org.br\/?p=33211"},"modified":"2021-01-04T11:01:59","modified_gmt":"2021-01-04T14:01:59","slug":"italia-autoriza-desembarque-de-265-migrantes-em-navio-humanitario","status":"publish","type":"post","link":"https:\/\/www.sincomam.org.br\/index.php\/italia-autoriza-desembarque-de-265-migrantes-em-navio-humanitario\/","title":{"rendered":"It\u00e1lia autoriza desembarque de 265 migrantes em navio humanit\u00e1rio"},"content":{"rendered":"<p><strong><em>Eles foram resgatados nos \u00faltimos dias no Mediterr\u00e2neo<\/em><\/strong><\/p>\n<p>A It\u00e1lia autorizou hoje (4) o navio espanhol Open Arms a desembarcar em Porto Empedocle (Sic\u00edlia) os 265 migrantes que est\u00e3o a bordo, incluindo 63 menores, e que foram resgatados nos \u00faltimos dias em duas opera\u00e7\u00f5es no Mediterr\u00e2neo, segundo a organiza\u00e7\u00e3o.<\/p>\n<p><em>&#8220;Ap\u00f3s repetidas recusas das autoridades de Malta em nos permitir desembarcar as 265 pessoas resgatadas e que est\u00e3o a bordo do Open Arms, a It\u00e1lia confirmou um porto seguro para n\u00f3s, Porto Empedocle, na Sic\u00edlia, um destino a que chegaremos em algumas horas&#8221;, disse uma porta-voz da organiza\u00e7\u00e3o n\u00e3o governamental (ONG).<\/em><\/p>\n<p>Os resgatados aguardavam h\u00e1 quase quatro dias no navio humanit\u00e1rio espanhol que um pa\u00eds europeu autorizasse um porto onde pudessem desembarcar, com frio e as m\u00e1s condi\u00e7\u00f5es do tempo no mar.<\/p>\n<p>O barco da ONG catal\u00e3 resgatou 169 pessoas no Mediterr\u00e2neo no dia 31 de dezembro e mais 96 no dia 2 de janeiro. Entre os resgatados h\u00e1 pelo menos 14 mulheres e 63 menores, entre eles seis crian\u00e7as, sendo que 40 viajavam desacompanhados.<\/p>\n<p>O navio esteve, nas \u00faltimas horas, perto das \u00e1guas da ilha italiana de Lampedusa (sul), de onde se aproximou para se proteger das m\u00e1s condi\u00e7\u00f5es no mar.<\/p>\n<p>O segundo grupo deixou a cidade l\u00edbia de Zuwarah em 31 de dezembro, enquanto o primeiro grupo partiu da cidade l\u00edbia de Sabratha, a cerca de 60 quil\u00f3metros de Tr\u00edpoli, na manh\u00e3 de 30 de dezembro.<\/p>\n<p>Fonte: Ag\u00eancia Brasil \/ Foto: divulga\u00e7\u00e3o &#8211; Porto Empedocle<\/p>\n","protected":false},"excerpt":{"rendered":"<p>Eles foram resgatados nos \u00faltimos dias no Mediterr\u00e2neo A It\u00e1lia autorizou hoje (4) o navio espanhol Open Arms a desembarcar em Porto Empedocle (Sic\u00edlia) os&#8230;<\/p>\n","protected":false},"author":1182,"featured_media":33212,"comment_status":"closed","ping_status":"closed","sticky":false,"template":"","format":"standard","meta":{"footnotes":""},"categories":[6],"tags":[2784,883,209,2276,394],"class_list":["post-33211","post","type-post","status-publish","format-standard","has-post-thumbnail","hentry","category-noticias","tag-autorizacao","tag-desembarque","tag-italia","tag-migrantes","tag-resgate"],"_links":{"self":[{"href":"https:\/\/www.sincomam.org.br\/index.php\/wp-json\/wp\/v2\/posts\/33211","targetHints":{"allow":["GET"]}}],"collection":[{"href":"https:\/\/www.sincomam.org.br\/index.php\/wp-json\/wp\/v2\/posts"}],"about":[{"href":"https:\/\/www.sincomam.org.br\/index.php\/wp-json\/wp\/v2\/types\/post"}],"author":[{"embeddable":true,"href":"https:\/\/www.sincomam.org.br\/index.php\/wp-json\/wp\/v2\/users\/1182"}],"replies":[{"embeddable":true,"href":"https:\/\/www.sincomam.org.br\/index.php\/wp-json\/wp\/v2\/comments?post=33211"}],"version-history":[{"count":1,"href":"https:\/\/www.sincomam.org.br\/index.php\/wp-json\/wp\/v2\/posts\/33211\/revisions"}],"predecessor-version":[{"id":33213,"href":"https:\/\/www.sincomam.org.br\/index.php\/wp-json\/wp\/v2\/posts\/33211\/revisions\/33213"}],"wp:featuredmedia":[{"embeddable":true,"href":"https:\/\/www.sincomam.org.br\/index.php\/wp-json\/wp\/v2\/media\/33212"}],"wp:attachment":[{"href":"https:\/\/www.sincomam.org.br\/index.php\/wp-json\/wp\/v2\/media?parent=33211"}],"wp:term":[{"taxonomy":"category","embeddable":true,"href":"https:\/\/www.sincomam.org.br\/index.php\/wp-json\/wp\/v2\/categories?post=33211"},{"taxonomy":"post_tag","embeddable":true,"href":"https:\/\/www.sincomam.org.br\/index.php\/wp-json\/wp\/v2\/tags?post=33211"}],"curies":[{"name":"wp","href":"https:\/\/api.w.org\/{rel}","templated":true}]}}