{"id":33205,"date":"2021-01-04T10:51:57","date_gmt":"2021-01-04T13:51:57","guid":{"rendered":"http:\/\/www.sincomam.org.br\/?p=33205"},"modified":"2021-01-21T12:23:23","modified_gmt":"2021-01-21T15:23:23","slug":"salario-minimo-passa-a-valer-r-11-mil-a-partir-de-janeiro-de-2021","status":"publish","type":"post","link":"https:\/\/www.sincomam.org.br\/index.php\/salario-minimo-passa-a-valer-r-11-mil-a-partir-de-janeiro-de-2021\/","title":{"rendered":"Sal\u00e1rio m\u00ednimo passar a valer R$ 1.100 a partir de janeiro"},"content":{"rendered":"<p><em><strong>Reajuste em rela\u00e7\u00e3o a 2019 \u00e9 de 5,26%, segundo informou o Minist\u00e9rio da Economia<\/strong><\/em><\/p>\n<p>A partir do dia 1\u00ba de Janeiro de 2021, o sal\u00e1rio m\u00ednimo passou a valer R$ 1,100 -conforme a Medida Provis\u00f3ria N\u00ba 1.021, publicada no Di\u00e1rio Oficial da Uni\u00e3o, no \u00faltimo dia 30. No ano passado, o sal\u00e1rio m\u00ednimo estava em R$ 1.045.<\/p>\n<p>O reajuste em rela\u00e7\u00e3o a 2020 ficou em 5,26%. Foi levado em considera\u00e7\u00e3o o \u00cdndice Nacional de Pre\u00e7os ao Consumidor (INPC) de janeiro a novembro e a varia\u00e7\u00e3o estimada do mercado financeiro para o \u00edndice em dezembro de 2020.<\/p>\n<p>Segundo o Minist\u00e9rio da Economia, no dia 12 deste m\u00eas, quando o INPC de dezembro ser\u00e1 divulgado, o novo valor do sal\u00e1rio m\u00ednimo poder\u00e1 ser corrigido para assegurar a preserva\u00e7\u00e3o do poder de compra definida pela Constitui\u00e7\u00e3o. Isso aconteceu na virada de 2019.<\/p>\n<p>Essa \u00e9 a terceira defini\u00e7\u00e3o de valor para o sal\u00e1rio m\u00ednimo de 2021. No dia 15 de dezembro, o governo aumentou de R$ 1.067 para R$ 1.088 a estimativa para o sal\u00e1rio m\u00ednimo. O valor constava de mensagem modificativa ao projeto da Lei de Diretrizes Or\u00e7ament\u00e1rias (LDO).<\/p>\n<p>De acordo com o Minist\u00e9rio da Economia, para cada R$ 1 de aumento no sal\u00e1rio m\u00ednimo, h\u00e1 eleva\u00e7\u00e3o de despesas de R$ 351,1 milh\u00f5es. Assim, o reajuste de R$ 12, ao passar de R$ 1.088 para R$ 1,1 mil, gera gasto adicional de cerca de R$ 4 bilh\u00f5es em 2021.<\/p>\n<p>A equipe econ\u00f4mica destacou que a corre\u00e7\u00e3o do valor do sal\u00e1rio m\u00ednimo \u00e9 obriga\u00e7\u00e3o constitucional e que n\u00e3o afeta o compromisso do governo com o teto de gastos e com o ajuste fiscal.<\/p>\n<p>Apesar de entrar em vigor nesta sexta-feira, o novo valor precisa ser confirmado pelo Congresso Nacional j\u00e1 que o governo fez o reajuste por meio de uma medida provis\u00f3ria.<\/p>\n<p>Fonte: Ag\u00eancia Brasil<\/p>\n","protected":false},"excerpt":{"rendered":"<p>Reajuste em rela\u00e7\u00e3o a 2019 \u00e9 de 5,26%, segundo informou o Minist\u00e9rio da Economia A partir do dia 1\u00ba de Janeiro de 2021, o sal\u00e1rio&#8230;<\/p>\n","protected":false},"author":1182,"featured_media":17827,"comment_status":"closed","ping_status":"closed","sticky":false,"template":"","format":"standard","meta":{"footnotes":""},"categories":[6],"tags":[405,856,555,404,378,392,403,4133],"class_list":["post-33205","post","type-post","status-publish","format-standard","has-post-thumbnail","hentry","category-noticias","tag-aumento","tag-economia","tag-janeiro","tag-minimo","tag-ministerio","tag-reajuste","tag-salario","tag-validade"],"_links":{"self":[{"href":"https:\/\/www.sincomam.org.br\/index.php\/wp-json\/wp\/v2\/posts\/33205","targetHints":{"allow":["GET"]}}],"collection":[{"href":"https:\/\/www.sincomam.org.br\/index.php\/wp-json\/wp\/v2\/posts"}],"about":[{"href":"https:\/\/www.sincomam.org.br\/index.php\/wp-json\/wp\/v2\/types\/post"}],"author":[{"embeddable":true,"href":"https:\/\/www.sincomam.org.br\/index.php\/wp-json\/wp\/v2\/users\/1182"}],"replies":[{"embeddable":true,"href":"https:\/\/www.sincomam.org.br\/index.php\/wp-json\/wp\/v2\/comments?post=33205"}],"version-history":[{"count":7,"href":"https:\/\/www.sincomam.org.br\/index.php\/wp-json\/wp\/v2\/posts\/33205\/revisions"}],"predecessor-version":[{"id":33499,"href":"https:\/\/www.sincomam.org.br\/index.php\/wp-json\/wp\/v2\/posts\/33205\/revisions\/33499"}],"wp:featuredmedia":[{"embeddable":true,"href":"https:\/\/www.sincomam.org.br\/index.php\/wp-json\/wp\/v2\/media\/17827"}],"wp:attachment":[{"href":"https:\/\/www.sincomam.org.br\/index.php\/wp-json\/wp\/v2\/media?parent=33205"}],"wp:term":[{"taxonomy":"category","embeddable":true,"href":"https:\/\/www.sincomam.org.br\/index.php\/wp-json\/wp\/v2\/categories?post=33205"},{"taxonomy":"post_tag","embeddable":true,"href":"https:\/\/www.sincomam.org.br\/index.php\/wp-json\/wp\/v2\/tags?post=33205"}],"curies":[{"name":"wp","href":"https:\/\/api.w.org\/{rel}","templated":true}]}}