{"id":33186,"date":"2020-12-30T00:42:21","date_gmt":"2020-12-30T03:42:21","guid":{"rendered":"http:\/\/www.sincomam.org.br\/?p=33186"},"modified":"2020-12-30T00:42:21","modified_gmt":"2020-12-30T03:42:21","slug":"brasileiro-pode-solicitar-saque-de-r-1-045-do-fgts-ate-quinta-feira","status":"publish","type":"post","link":"https:\/\/www.sincomam.org.br\/index.php\/brasileiro-pode-solicitar-saque-de-r-1-045-do-fgts-ate-quinta-feira\/","title":{"rendered":"Brasileiro pode solicitar saque de R$ 1.045 do FGTS at\u00e9 quinta-feira"},"content":{"rendered":"<p><strong><em>Recursos podem ser retirados de contas ativas e inativas<\/em><\/strong><\/p>\n<p>O prazo para saque emergencial de at\u00e9 R$ 1.045 do Fundo de Garantia do Tempo de Servi\u00e7o (FGTS) termina nesta quinta-feira (31). O valor do saque considera a soma dos saldos de todas as contas ativas e inativas no FGTS.<\/p>\n<p>Segundo a Caixa, cerca de R$ 7,9 bilh\u00f5es do saque emergencial, creditados nas contas poupan\u00e7a social digital e que n\u00e3o foram movimentados, retornaram no dia 30 de novembro para as contas vinculadas dos trabalhadores, com corre\u00e7\u00e3o dos valores.<\/p>\n<p>Entretanto, caso o trabalhador ainda queira ter acesso aos recursos deve fazer pedido pelo aplicativo do FGTS at\u00e9 esta quinta-feira, para que a Caixa transfira novamente o valor para a conta digital, que pode ser movimentada pelo aplicativo Caixa Tem. O saque emergencial poder\u00e1 ser utilizado em transa\u00e7\u00f5es eletr\u00f4nicas, saque em esp\u00e9cie ou transfer\u00eancia, sem custo, para outras contas.<\/p>\n<p>A Caixa informa que \u00e9 preciso estar com os dados cadastrais atualizados para receber o saque emergencial FGTS. Por isso, \u00e9 preciso acessar o aplicativo FGTS, complementar os dados cadastrais e solicitar o saque dos valores, que ser\u00e3o creditados na poupan\u00e7a social.<\/p>\n<p>O Saque Emergencial FGTS foi criado pela Medida Provis\u00f3ria 946\/20 para auxiliar os brasileiros no enfrentamento da pandemia do novo coronav\u00edrus. O calend\u00e1rio de pagamentos foi estabelecido com base no m\u00eas de nascimento do trabalhador, com cr\u00e9dito na poupan\u00e7a social a partir do final de junho deste ano e posterior saque dos recursos pelo trabalhador.<\/p>\n<p>Segundo a Caixa, desde o in\u00edcio do calend\u00e1rio de saques, foram disponibilizados R$ 37,8 bilh\u00f5es para mais de 60 milh\u00f5es de trabalhadores.<\/p>\n<p>De acordo com o banco, d\u00favidas podem ser esclarecidas pelo aplicativo FGTS, pelo site, pela Central de Atendimento Caixa 111, op\u00e7\u00e3o 2; e por meio do internet banking Caixa.<\/p>\n<p>O banco alerta que n\u00e3o envia mensagens com solicita\u00e7\u00e3o de senhas, dados ou informa\u00e7\u00f5es pessoais. A Caixa tamb\u00e9m n\u00e3o envia links ou pede<\/p>\n<div class=\"post-item-wrap\">\n<p>confirma\u00e7\u00e3o de dispositivo ou acesso \u00e0 conta por\u00a0<em>e-mail<\/em>, SMS ou WhatsApp.<\/p>\n<\/div>\n<p class=\"alt-font font-italic my-2 small text-info\">Fonte: Ag\u00eancia Brasil<\/p>\n","protected":false},"excerpt":{"rendered":"<p>Recursos podem ser retirados de contas ativas e inativas O prazo para saque emergencial de at\u00e9 R$ 1.045 do Fundo de Garantia do Tempo de&#8230;<\/p>\n","protected":false},"author":1182,"featured_media":3898,"comment_status":"closed","ping_status":"closed","sticky":false,"template":"","format":"standard","meta":{"footnotes":""},"categories":[6],"tags":[4219,2377,2817,475,391,4069,3390,204,1538],"class_list":["post-33186","post","type-post","status-publish","format-standard","has-post-thumbnail","hentry","category-noticias","tag-ativa","tag-beneficio","tag-calendario","tag-contas","tag-fgts","tag-finalizacao","tag-inativas","tag-pagamento","tag-trabalhador"],"_links":{"self":[{"href":"https:\/\/www.sincomam.org.br\/index.php\/wp-json\/wp\/v2\/posts\/33186","targetHints":{"allow":["GET"]}}],"collection":[{"href":"https:\/\/www.sincomam.org.br\/index.php\/wp-json\/wp\/v2\/posts"}],"about":[{"href":"https:\/\/www.sincomam.org.br\/index.php\/wp-json\/wp\/v2\/types\/post"}],"author":[{"embeddable":true,"href":"https:\/\/www.sincomam.org.br\/index.php\/wp-json\/wp\/v2\/users\/1182"}],"replies":[{"embeddable":true,"href":"https:\/\/www.sincomam.org.br\/index.php\/wp-json\/wp\/v2\/comments?post=33186"}],"version-history":[{"count":1,"href":"https:\/\/www.sincomam.org.br\/index.php\/wp-json\/wp\/v2\/posts\/33186\/revisions"}],"predecessor-version":[{"id":33187,"href":"https:\/\/www.sincomam.org.br\/index.php\/wp-json\/wp\/v2\/posts\/33186\/revisions\/33187"}],"wp:featuredmedia":[{"embeddable":true,"href":"https:\/\/www.sincomam.org.br\/index.php\/wp-json\/wp\/v2\/media\/3898"}],"wp:attachment":[{"href":"https:\/\/www.sincomam.org.br\/index.php\/wp-json\/wp\/v2\/media?parent=33186"}],"wp:term":[{"taxonomy":"category","embeddable":true,"href":"https:\/\/www.sincomam.org.br\/index.php\/wp-json\/wp\/v2\/categories?post=33186"},{"taxonomy":"post_tag","embeddable":true,"href":"https:\/\/www.sincomam.org.br\/index.php\/wp-json\/wp\/v2\/tags?post=33186"}],"curies":[{"name":"wp","href":"https:\/\/api.w.org\/{rel}","templated":true}]}}