{"id":33184,"date":"2020-12-30T00:36:39","date_gmt":"2020-12-30T03:36:39","guid":{"rendered":"http:\/\/www.sincomam.org.br\/?p=33184"},"modified":"2020-12-30T00:36:39","modified_gmt":"2020-12-30T03:36:39","slug":"caixa-vai-lancar-programa-de-financiamentos-de-ate-r-2-mil","status":"publish","type":"post","link":"https:\/\/www.sincomam.org.br\/index.php\/caixa-vai-lancar-programa-de-financiamentos-de-ate-r-2-mil\/","title":{"rendered":"Caixa vai lan\u00e7ar programa de financiamentos de at\u00e9 R$ 2 mil"},"content":{"rendered":"<p><strong><em>Proposta \u00e9 ofertar financiamentos para mais de 10 milh\u00f5es de pessoas<\/em><\/strong><\/p>\n<p>O presidente da Caixa Econ\u00f4mica Federal (CEF), Pedro Guimar\u00e3es, disse nesta ter\u00e7a-feira (29) que a institui\u00e7\u00e3o vai lan\u00e7ar o que chamou de &#8220;programa de microfinan\u00e7as&#8221;. A proposta, segundo ele, \u00e9 ofertar financiamentos que variam de R$ 500 a R$ 2 mil para mais de 10 milh\u00f5es de brasileiros, com taxas de juros entre 1,5% e 2,5% ao m\u00eas.<\/p>\n<p><em>\u201cS\u00e3o taxas muito menores de juros e que v\u00e3o permitir que mais de 10 milh\u00f5es de brasileiros tenham acesso ao cr\u00e9dito de maneira segura, r\u00e1pida, sem precisar ir \u00e0 ag\u00eancia. Isso refor\u00e7a a bancariza\u00e7\u00e3o e refor\u00e7a o acesso dessa popula\u00e7\u00e3o mais carente ao setor financeiro\u201d, explicou, durante entrevista ao programa Voz do Brasil, da Empresa Brasil de Comunica\u00e7\u00e3o (EBC).<\/em><\/p>\n<p><strong>Financiamento habitacional<\/strong><\/p>\n<p>Segundo Guimar\u00e3es, algumas iniciativas j\u00e1 em andamento, como o Programa Casa Verde e Amarela, tamb\u00e9m passar\u00e3o a ter sua operacionaliza\u00e7\u00e3o pelo celular por meio do aplicativo Caixa Tem.<\/p>\n<p><em>\u201cTodos os contratos desse programa ser\u00e3o, a partir do ano que vem, via aplicativo\u201d, disse. Hoje, segundo estimativas da institui\u00e7\u00e3o, 4,5 milh\u00f5es de brasileiros possuem algum tipo de contrato de habita\u00e7\u00e3o. &#8220;Vamos migrar esses e novos contratos ser\u00e3o feitos pelo aplicativo\u201d, concluiu.<\/em><\/p>\n<p>Fonte: Ag\u00eancia Brasil<\/p>\n","protected":false},"excerpt":{"rendered":"<p>Proposta \u00e9 ofertar financiamentos para mais de 10 milh\u00f5es de pessoas O presidente da Caixa Econ\u00f4mica Federal (CEF), Pedro Guimar\u00e3es, disse nesta ter\u00e7a-feira (29) que&#8230;<\/p>\n","protected":false},"author":1182,"featured_media":4097,"comment_status":"closed","ping_status":"closed","sticky":false,"template":"","format":"standard","meta":{"footnotes":""},"categories":[6],"tags":[390,4038,354,3970,204,754],"class_list":["post-33184","post","type-post","status-publish","format-standard","has-post-thumbnail","hentry","category-noticias","tag-caixa","tag-casa","tag-financiamento","tag-habitacao","tag-pagamento","tag-programa"],"_links":{"self":[{"href":"https:\/\/www.sincomam.org.br\/index.php\/wp-json\/wp\/v2\/posts\/33184","targetHints":{"allow":["GET"]}}],"collection":[{"href":"https:\/\/www.sincomam.org.br\/index.php\/wp-json\/wp\/v2\/posts"}],"about":[{"href":"https:\/\/www.sincomam.org.br\/index.php\/wp-json\/wp\/v2\/types\/post"}],"author":[{"embeddable":true,"href":"https:\/\/www.sincomam.org.br\/index.php\/wp-json\/wp\/v2\/users\/1182"}],"replies":[{"embeddable":true,"href":"https:\/\/www.sincomam.org.br\/index.php\/wp-json\/wp\/v2\/comments?post=33184"}],"version-history":[{"count":1,"href":"https:\/\/www.sincomam.org.br\/index.php\/wp-json\/wp\/v2\/posts\/33184\/revisions"}],"predecessor-version":[{"id":33185,"href":"https:\/\/www.sincomam.org.br\/index.php\/wp-json\/wp\/v2\/posts\/33184\/revisions\/33185"}],"wp:featuredmedia":[{"embeddable":true,"href":"https:\/\/www.sincomam.org.br\/index.php\/wp-json\/wp\/v2\/media\/4097"}],"wp:attachment":[{"href":"https:\/\/www.sincomam.org.br\/index.php\/wp-json\/wp\/v2\/media?parent=33184"}],"wp:term":[{"taxonomy":"category","embeddable":true,"href":"https:\/\/www.sincomam.org.br\/index.php\/wp-json\/wp\/v2\/categories?post=33184"},{"taxonomy":"post_tag","embeddable":true,"href":"https:\/\/www.sincomam.org.br\/index.php\/wp-json\/wp\/v2\/tags?post=33184"}],"curies":[{"name":"wp","href":"https:\/\/api.w.org\/{rel}","templated":true}]}}