{"id":33131,"date":"2020-12-23T09:45:16","date_gmt":"2020-12-23T12:45:16","guid":{"rendered":"http:\/\/www.sincomam.org.br\/?p=33131"},"modified":"2020-12-23T09:45:16","modified_gmt":"2020-12-23T12:45:16","slug":"petrobras-inicia-fase-vinculante-de-venda-no-polo-potiguar","status":"publish","type":"post","link":"https:\/\/www.sincomam.org.br\/index.php\/petrobras-inicia-fase-vinculante-de-venda-no-polo-potiguar\/","title":{"rendered":"Petrobras inicia fase vinculante de venda no Polo Potiguar"},"content":{"rendered":"<p><strong><em>Polo compreende tr\u00eas subpolos, sendo eles Canto do Amaro, Alto do Rodrigues e Ubarana<\/em><\/strong><\/p>\n<p>A Petrobras informou, em comunicado ao mercado, que foi iniciada a fase vinculante referente \u00e0 venda de suas participa\u00e7\u00f5es no Polo Potiguar, que envolve concess\u00f5es no Rio Grande do Norte (RN).<\/p>\n<p>Os potenciais compradores habilitados para essa fase receber\u00e3o carta-convite com instru\u00e7\u00f5es detalhadas sobre o processo de desinvestimento, incluindo orienta\u00e7\u00f5es para a realiza\u00e7\u00e3o de <em>due diligence<\/em> e para o envio das propostas vinculantes.<\/p>\n<p>Segundo a Estatal, o Polo Potiguar compreende tr\u00eas subpolos (Canto do Amaro, Alto do Rodrigues e Ubarana), totalizando 26 concess\u00f5es de produ\u00e7\u00e3o, 23 terrestres e 3 mar\u00edtimas, al\u00e9m de incluir acesso \u00e0 infraestrutura de processamento, refino, log\u00edstica, armazenamento, transporte e escoamento de petr\u00f3leo e g\u00e1s natural. As concess\u00f5es do subpolo Ubarana est\u00e3o localizadas em \u00e1guas rasas, entre 10 e 22 km da costa do munic\u00edpio de Guamar\u00e9-RN. As demais concess\u00f5es dos subpolos Canto do Amaro e Alto do Rodrigues s\u00e3o terrestres.<\/p>\n<p><strong>Produ\u00e7\u00e3o<\/strong><\/p>\n<p>A produ\u00e7\u00e3o m\u00e9dia do Polo Potiguar de janeiro a novembro de 2020 foi de aproximadamente 23,3 mil barris de \u00f3leo por dia (bpd) e 96 mil m\u00b3\/dia de g\u00e1s natural. Al\u00e9m das concess\u00f5es e suas instala\u00e7\u00f5es de produ\u00e7\u00e3o, est\u00e1 inclu\u00edda na transa\u00e7\u00e3o a refinaria Clara Camar\u00e3o, localizada em Guamar\u00e9-RN com capacidade instalada de refino de 39.600 bpd.<\/p>\n","protected":false},"excerpt":{"rendered":"<p>Polo compreende tr\u00eas subpolos, sendo eles Canto do Amaro, Alto do Rodrigues e Ubarana A Petrobras informou, em comunicado ao mercado, que foi iniciada a&#8230;<\/p>\n","protected":false},"author":1182,"featured_media":17775,"comment_status":"closed","ping_status":"closed","sticky":false,"template":"","format":"standard","meta":{"footnotes":""},"categories":[6],"tags":[1220,58,397,3101,71,4026],"class_list":["post-33131","post","type-post","status-publish","format-standard","has-post-thumbnail","hentry","category-noticias","tag-fase","tag-petrobras","tag-polo","tag-potiguar","tag-venda","tag-vinculante"],"_links":{"self":[{"href":"https:\/\/www.sincomam.org.br\/index.php\/wp-json\/wp\/v2\/posts\/33131","targetHints":{"allow":["GET"]}}],"collection":[{"href":"https:\/\/www.sincomam.org.br\/index.php\/wp-json\/wp\/v2\/posts"}],"about":[{"href":"https:\/\/www.sincomam.org.br\/index.php\/wp-json\/wp\/v2\/types\/post"}],"author":[{"embeddable":true,"href":"https:\/\/www.sincomam.org.br\/index.php\/wp-json\/wp\/v2\/users\/1182"}],"replies":[{"embeddable":true,"href":"https:\/\/www.sincomam.org.br\/index.php\/wp-json\/wp\/v2\/comments?post=33131"}],"version-history":[{"count":1,"href":"https:\/\/www.sincomam.org.br\/index.php\/wp-json\/wp\/v2\/posts\/33131\/revisions"}],"predecessor-version":[{"id":33132,"href":"https:\/\/www.sincomam.org.br\/index.php\/wp-json\/wp\/v2\/posts\/33131\/revisions\/33132"}],"wp:featuredmedia":[{"embeddable":true,"href":"https:\/\/www.sincomam.org.br\/index.php\/wp-json\/wp\/v2\/media\/17775"}],"wp:attachment":[{"href":"https:\/\/www.sincomam.org.br\/index.php\/wp-json\/wp\/v2\/media?parent=33131"}],"wp:term":[{"taxonomy":"category","embeddable":true,"href":"https:\/\/www.sincomam.org.br\/index.php\/wp-json\/wp\/v2\/categories?post=33131"},{"taxonomy":"post_tag","embeddable":true,"href":"https:\/\/www.sincomam.org.br\/index.php\/wp-json\/wp\/v2\/tags?post=33131"}],"curies":[{"name":"wp","href":"https:\/\/api.w.org\/{rel}","templated":true}]}}