{"id":33128,"date":"2020-12-23T09:27:30","date_gmt":"2020-12-23T12:27:30","guid":{"rendered":"http:\/\/www.sincomam.org.br\/?p=33128"},"modified":"2020-12-23T12:02:38","modified_gmt":"2020-12-23T15:02:38","slug":"bancos-abrem-em-todo-o-pais-de-manha-na-vespera-do-natal","status":"publish","type":"post","link":"https:\/\/www.sincomam.org.br\/index.php\/bancos-abrem-em-todo-o-pais-de-manha-na-vespera-do-natal\/","title":{"rendered":"Bancos abrem com hor\u00e1rio especial em todo o pa\u00eds na v\u00e9spera do Natal e Ano Novo"},"content":{"rendered":"<p><strong><em>Ag\u00eancias v\u00e3o funcionar nesta quinta-feira (24) por duas horas, no per\u00edodo da manh\u00e3<\/em><\/strong><\/p>\n<p>As ag\u00eancias banc\u00e1rias de todo o Brasil funcionar\u00e3o em hor\u00e1rio especial no dia 24 de dezembro e ficar\u00e3o abertas apenas por duas horas na parte da manh\u00e3. Segundo a Federa\u00e7\u00e3o Brasileira de Bancos (Febraban), a abertura das ag\u00eancias das unidades da Federa\u00e7\u00e3o que funcionam no mesmo hor\u00e1rio de Bras\u00edlia ser\u00e1 das 9h \u00e0s 11h. Nos demais estados, das 8h \u00e0s 10h (hor\u00e1rio local).<\/p>\n<p>Nos dias 25 e 31 de dezembro, al\u00e9m de 1\u00ba de janeiro, as ag\u00eancias banc\u00e1rias permanecer\u00e3o fechadas para atendimento. Apenas os caixas eletr\u00f4nicos continuar\u00e3o funcionando nesses dias.<\/p>\n<p>De acordo com a Febraban, hoje (23) e nos dias 28, 29 e 30 de dezembro, a abertura dos bancos ocorrer\u00e1 no hor\u00e1rio normal (que vem sendo seguido durante a pandemia de covid-19). A partir de 4 de janeiro, o atendimento ser\u00e1 retomado normalmente.<\/p>\n<p>As contas de consumo (\u00e1gua, luz, telefone e TV por assinatura, por exemplo) e os carn\u00eas que vencerem nestas datas poder\u00e3o ser pagas no pr\u00f3ximo dia \u00fatil (26 de dezembro e 2 de janeiro), sem a incid\u00eancia de multa. Os tributos, normalmente, j\u00e1 est\u00e3o com a data ajustada pelo calend\u00e1rio de feriados (federais, estaduais e municipais).<\/p>\n<p>Fonte: Ag\u00eancia Brasil<\/p>\n","protected":false},"excerpt":{"rendered":"<p>Ag\u00eancias v\u00e3o funcionar nesta quinta-feira (24) por duas horas, no per\u00edodo da manh\u00e3 As ag\u00eancias banc\u00e1rias de todo o Brasil funcionar\u00e3o em hor\u00e1rio especial no&#8230;<\/p>\n","protected":false},"author":1182,"featured_media":33129,"comment_status":"closed","ping_status":"closed","sticky":false,"template":"","format":"standard","meta":{"footnotes":""},"categories":[6],"tags":[602,1384,3262,61,357,4193],"class_list":["post-33128","post","type-post","status-publish","format-standard","has-post-thumbnail","hentry","category-noticias","tag-abertura","tag-agencia","tag-banco","tag-brasil","tag-natal","tag-vespera"],"_links":{"self":[{"href":"https:\/\/www.sincomam.org.br\/index.php\/wp-json\/wp\/v2\/posts\/33128","targetHints":{"allow":["GET"]}}],"collection":[{"href":"https:\/\/www.sincomam.org.br\/index.php\/wp-json\/wp\/v2\/posts"}],"about":[{"href":"https:\/\/www.sincomam.org.br\/index.php\/wp-json\/wp\/v2\/types\/post"}],"author":[{"embeddable":true,"href":"https:\/\/www.sincomam.org.br\/index.php\/wp-json\/wp\/v2\/users\/1182"}],"replies":[{"embeddable":true,"href":"https:\/\/www.sincomam.org.br\/index.php\/wp-json\/wp\/v2\/comments?post=33128"}],"version-history":[{"count":6,"href":"https:\/\/www.sincomam.org.br\/index.php\/wp-json\/wp\/v2\/posts\/33128\/revisions"}],"predecessor-version":[{"id":33148,"href":"https:\/\/www.sincomam.org.br\/index.php\/wp-json\/wp\/v2\/posts\/33128\/revisions\/33148"}],"wp:featuredmedia":[{"embeddable":true,"href":"https:\/\/www.sincomam.org.br\/index.php\/wp-json\/wp\/v2\/media\/33129"}],"wp:attachment":[{"href":"https:\/\/www.sincomam.org.br\/index.php\/wp-json\/wp\/v2\/media?parent=33128"}],"wp:term":[{"taxonomy":"category","embeddable":true,"href":"https:\/\/www.sincomam.org.br\/index.php\/wp-json\/wp\/v2\/categories?post=33128"},{"taxonomy":"post_tag","embeddable":true,"href":"https:\/\/www.sincomam.org.br\/index.php\/wp-json\/wp\/v2\/tags?post=33128"}],"curies":[{"name":"wp","href":"https:\/\/api.w.org\/{rel}","templated":true}]}}