{"id":33113,"date":"2020-12-22T12:34:50","date_gmt":"2020-12-22T15:34:50","guid":{"rendered":"http:\/\/www.sincomam.org.br\/?p=33113"},"modified":"2020-12-22T12:34:50","modified_gmt":"2020-12-22T15:34:50","slug":"governo-prepara-rodada-de-saque-emergencial-do-fgts-em-2021","status":"publish","type":"post","link":"https:\/\/www.sincomam.org.br\/index.php\/governo-prepara-rodada-de-saque-emergencial-do-fgts-em-2021\/","title":{"rendered":"Governo prepara rodada de saque emergencial do FGTS em 2021"},"content":{"rendered":"<p>Com a poss\u00edvel extens\u00e3o da pandemia, o governo federal avalia a alternativa de autorizar novos saques pelo FGTS (Fundo de Garantia do Tempo de Servi\u00e7o) em 2021, com o objetivo de injetar dinheiro na economia brasileira. Entre as possibilidades, est\u00e3o previstas antecipa\u00e7\u00f5es do 13\u00ba benef\u00edcio de aposentados e do abono salarial. O an\u00fancio das medidas, entretanto, n\u00e3o ser\u00e1 feito de imediato. A equipe econ\u00f4mica avalia que a\u00e7\u00f5es implementadas neste ano ainda ter\u00e3o efeito no in\u00edcio de 2021.<\/p>\n<p>No aux\u00edlio emergencial, por exemplo, parte dos benefici\u00e1rios ainda receber\u00e1 parcelas residuais. Os programas de cr\u00e9dito tamb\u00e9m seguem com efeito no pr\u00f3ximo ano. A ideia, segundo um dos formuladores do plano, \u00e9 avaliar o cen\u00e1rio ap\u00f3s a virada do ano, com possibilidade de an\u00fancio de medidas a partir do final de janeiro.<\/p>\n<p>Um membro da equipe econ\u00f4mica afirmou que h\u00e1 margem de recursos no FGTS para permitir uma nova rodada de retiradas. A medida n\u00e3o comprometeria a sustentabilidade do fundo. A a\u00e7\u00e3o seria voltada, principalmente, \u00e0 classe m\u00e9dia. Ainda n\u00e3o h\u00e1 defini\u00e7\u00e3o sobre o formato do programa e valores que seriam liberados para os trabalhadores em 2021.<\/p>\n<p>Fonte: A tarde -UOL \/ Foto: divulga\u00e7\u00e3o<\/p>\n","protected":false},"excerpt":{"rendered":"<p>Com a poss\u00edvel extens\u00e3o da pandemia, o governo federal avalia a alternativa de autorizar novos saques pelo FGTS (Fundo de Garantia do Tempo de Servi\u00e7o)&#8230;<\/p>\n","protected":false},"author":1182,"featured_media":33114,"comment_status":"closed","ping_status":"closed","sticky":false,"template":"","format":"standard","meta":{"footnotes":""},"categories":[6],"tags":[61,4191,391,192,2755,696],"class_list":["post-33113","post","type-post","status-publish","format-standard","has-post-thumbnail","hentry","category-noticias","tag-brasil","tag-emergencia-covid-19","tag-fgts","tag-governo","tag-pandemia","tag-saque"],"_links":{"self":[{"href":"https:\/\/www.sincomam.org.br\/index.php\/wp-json\/wp\/v2\/posts\/33113","targetHints":{"allow":["GET"]}}],"collection":[{"href":"https:\/\/www.sincomam.org.br\/index.php\/wp-json\/wp\/v2\/posts"}],"about":[{"href":"https:\/\/www.sincomam.org.br\/index.php\/wp-json\/wp\/v2\/types\/post"}],"author":[{"embeddable":true,"href":"https:\/\/www.sincomam.org.br\/index.php\/wp-json\/wp\/v2\/users\/1182"}],"replies":[{"embeddable":true,"href":"https:\/\/www.sincomam.org.br\/index.php\/wp-json\/wp\/v2\/comments?post=33113"}],"version-history":[{"count":1,"href":"https:\/\/www.sincomam.org.br\/index.php\/wp-json\/wp\/v2\/posts\/33113\/revisions"}],"predecessor-version":[{"id":33115,"href":"https:\/\/www.sincomam.org.br\/index.php\/wp-json\/wp\/v2\/posts\/33113\/revisions\/33115"}],"wp:featuredmedia":[{"embeddable":true,"href":"https:\/\/www.sincomam.org.br\/index.php\/wp-json\/wp\/v2\/media\/33114"}],"wp:attachment":[{"href":"https:\/\/www.sincomam.org.br\/index.php\/wp-json\/wp\/v2\/media?parent=33113"}],"wp:term":[{"taxonomy":"category","embeddable":true,"href":"https:\/\/www.sincomam.org.br\/index.php\/wp-json\/wp\/v2\/categories?post=33113"},{"taxonomy":"post_tag","embeddable":true,"href":"https:\/\/www.sincomam.org.br\/index.php\/wp-json\/wp\/v2\/tags?post=33113"}],"curies":[{"name":"wp","href":"https:\/\/api.w.org\/{rel}","templated":true}]}}