{"id":33100,"date":"2020-12-22T11:48:47","date_gmt":"2020-12-22T14:48:47","guid":{"rendered":"http:\/\/www.sincomam.org.br\/?p=33100"},"modified":"2020-12-22T11:49:02","modified_gmt":"2020-12-22T14:49:02","slug":"forcas-armadas-completam-nove-meses-de-combate-ao-novo-coronavirus","status":"publish","type":"post","link":"https:\/\/www.sincomam.org.br\/index.php\/forcas-armadas-completam-nove-meses-de-combate-ao-novo-coronavirus\/","title":{"rendered":"For\u00e7as Armadas completam nove meses de combate ao novo coronav\u00edrus"},"content":{"rendered":"<p><strong><em>Militares devem dar apoio log\u00edstico na distribui\u00e7\u00e3o de vacinas para Covid -19<\/em><\/strong><\/p>\n<p>A Opera\u00e7\u00e3o Covid-19 do Minist\u00e9rio da Defesa completou 9 meses neste domingo (20\/12). Em mais de 270 dias, o Centro de Opera\u00e7\u00f5es Conjuntas (COC) atuou na coordena\u00e7\u00e3o do emprego das For\u00e7as Armadas no combate ao novo coronav\u00edrus em todo o pa\u00eds.<\/p>\n<p>Foram realizadas descontamina\u00e7\u00f5es em aproximadamente 8 mil locais p\u00fablicos, produzidos 24,5 mil litros de \u00e1lcool em gel. Mais de 24 mil toneladas de material foram transportadas por meio da Marinha, Ex\u00e9rcito e Aeron\u00e1utica.<\/p>\n<p>Al\u00e9m disso, os militares promoveram campanhas de doa\u00e7\u00e3o de sangue que at\u00e9 ent\u00e3o contaram o total de 39.460 volunt\u00e1rios para reabastecerem os estoques dos hospitais em todas as regi\u00f5es do Brasil.<\/p>\n<p>As For\u00e7as Armadas atuaram em 11,2 mil campanhas de conscientiza\u00e7\u00e3o de preven\u00e7\u00e3o e combate ao Covid-19 junto \u00e0 popula\u00e7\u00e3o. Realizaram mais de 18 mil a\u00e7\u00f5es de capacita\u00e7\u00e3o de pessoal para descontamina\u00e7\u00e3o e aproximadamente 13 mil inspe\u00e7\u00f5es navais.<\/p>\n<p>Ainda no contexto da Opera\u00e7\u00e3o, os militares executaram 16 miss\u00f5es em comunidades ind\u00edgenas, que auxiliaram no atendimento e orienta\u00e7\u00f5es relacionadas \u00e0 doen\u00e7a. No dia 14 de dezembro, foi encerrada a Miss\u00e3o Alto Solim\u00f5es, \u00faltima do ano, que atendeu aproximadamente 1.700 ind\u00edgenas e realizou 6,5 mil procedimentos.<\/p>\n<p>Os profissionais da sa\u00fade ativos na miss\u00e3o realizaram atendimentos especializados nas comunidades para evitar o deslocamento dos ind\u00edgenas at\u00e9 as cidades, a fim de evitar a contamina\u00e7\u00e3o pelo v\u00edrus. As miss\u00f5es ind\u00edgenas foram realizadas com o apoio da Secretaria Especial de Sa\u00fade Ind\u00edgena (Sesai), do Minist\u00e9rio da Sa\u00fade.<\/p>\n<p><strong>Opera\u00e7\u00e3o Covid-19<\/strong><\/p>\n<p>O Minist\u00e9rio da Defesa ativou, em 20 de mar\u00e7o, o Centro de Opera\u00e7\u00f5es Conjuntas, para atuar na coordena\u00e7\u00e3o e no planejamento do emprego das For\u00e7as Armadas no combate ao novo coronav\u00edrus. Nesse contexto, foram ativados dez Comandos Conjuntos, que cobrem todo o territ\u00f3rio nacional, al\u00e9m do Comando de Opera\u00e7\u00f5es Aeroespaciais (COMAE), de funcionamento permanente. A iniciativa integra o esfor\u00e7o do governo federal no enfrentamento \u00e0 pandemia.<\/p>\n<p>As demandas recebidas pelo Minist\u00e9rio da Defesa, de apoio a \u00f3rg\u00e3os estaduais, municipais e outros, s\u00e3o analisadas e direcionadas aos Comandos Conjuntos para avaliarem a possibilidade de atendimento. De acordo com a complexidade da solicita\u00e7\u00e3o, tais demandas podem ser encaminhadas ao Gabinete de Crise, que determina a melhor forma de atendimento.<\/p>\n<p>Foto: Divulga\u00e7\u00e3o\/ For\u00e7as Armadas<\/p>\n","protected":false},"excerpt":{"rendered":"<p>Militares devem dar apoio log\u00edstico na distribui\u00e7\u00e3o de vacinas para Covid -19 A Opera\u00e7\u00e3o Covid-19 do Minist\u00e9rio da Defesa completou 9 meses neste domingo (20\/12)&#8230;.<\/p>\n","protected":false},"author":1182,"featured_media":33101,"comment_status":"closed","ping_status":"closed","sticky":false,"template":"","format":"standard","meta":{"footnotes":""},"categories":[6],"tags":[2840,2752,2751,956,894,438,692,377,674],"class_list":["post-33100","post","type-post","status-publish","format-standard","has-post-thumbnail","hentry","category-noticias","tag-combate","tag-coronavirus","tag-covid-19","tag-distribuicao","tag-forcas-armadas","tag-logistica","tag-militares","tag-operacao","tag-vacina"],"_links":{"self":[{"href":"https:\/\/www.sincomam.org.br\/index.php\/wp-json\/wp\/v2\/posts\/33100","targetHints":{"allow":["GET"]}}],"collection":[{"href":"https:\/\/www.sincomam.org.br\/index.php\/wp-json\/wp\/v2\/posts"}],"about":[{"href":"https:\/\/www.sincomam.org.br\/index.php\/wp-json\/wp\/v2\/types\/post"}],"author":[{"embeddable":true,"href":"https:\/\/www.sincomam.org.br\/index.php\/wp-json\/wp\/v2\/users\/1182"}],"replies":[{"embeddable":true,"href":"https:\/\/www.sincomam.org.br\/index.php\/wp-json\/wp\/v2\/comments?post=33100"}],"version-history":[{"count":1,"href":"https:\/\/www.sincomam.org.br\/index.php\/wp-json\/wp\/v2\/posts\/33100\/revisions"}],"predecessor-version":[{"id":33102,"href":"https:\/\/www.sincomam.org.br\/index.php\/wp-json\/wp\/v2\/posts\/33100\/revisions\/33102"}],"wp:featuredmedia":[{"embeddable":true,"href":"https:\/\/www.sincomam.org.br\/index.php\/wp-json\/wp\/v2\/media\/33101"}],"wp:attachment":[{"href":"https:\/\/www.sincomam.org.br\/index.php\/wp-json\/wp\/v2\/media?parent=33100"}],"wp:term":[{"taxonomy":"category","embeddable":true,"href":"https:\/\/www.sincomam.org.br\/index.php\/wp-json\/wp\/v2\/categories?post=33100"},{"taxonomy":"post_tag","embeddable":true,"href":"https:\/\/www.sincomam.org.br\/index.php\/wp-json\/wp\/v2\/tags?post=33100"}],"curies":[{"name":"wp","href":"https:\/\/api.w.org\/{rel}","templated":true}]}}