{"id":33088,"date":"2020-12-21T14:47:38","date_gmt":"2020-12-21T17:47:38","guid":{"rendered":"http:\/\/www.sincomam.org.br\/?p=33088"},"modified":"2020-12-21T14:47:38","modified_gmt":"2020-12-21T17:47:38","slug":"ipea-preve-crescimento-de-industria-comercio-e-servicos-em-novembro","status":"publish","type":"post","link":"https:\/\/www.sincomam.org.br\/index.php\/ipea-preve-crescimento-de-industria-comercio-e-servicos-em-novembro\/","title":{"rendered":"Ipea prev\u00ea crescimento de ind\u00fastria, com\u00e9rcio e servi\u00e7os em novembro"},"content":{"rendered":"<p><strong><em>Estimativa da atividade econ\u00f4mica no pa\u00eds \u00e9 do Ipea<\/em><\/strong><\/p>\n<p>A produ\u00e7\u00e3o industrial deve crescer 1,8%, as vendas no com\u00e9rcio 1,7% e o volume de servi\u00e7os 2,5% no volume de servi\u00e7os. As estimativas da atividade da economia em novembro s\u00e3o da Diretoria de Estudos e Pol\u00edticas Macroecon\u00f4micas do Instituto de Pesquisa Econ\u00f4mica Aplicada (Dimac \/Ipea). Os n\u00fameros est\u00e3o na an\u00e1lise trimestral da conjuntura econ\u00f4mica do pa\u00eds chamada de Vis\u00e3o Geral, divulgada hoje (21) pelo Ipea.<\/p>\n<p>Segundo o diretor da Dimac, Jos\u00e9 Ronaldo Souza J\u00fanior, o trimestre caminha para continuidade de retomada, s\u00f3 que em ritmo menor do que era de se esperar. O efeito que ocorreu no terceiro trimestre, que tinha uma base de compara\u00e7\u00e3o muito baixa do per\u00edodo anterior referente ao auge da crise, j\u00e1 n\u00e3o existe. \u201c\u00c9 de se esperar que agora a gente tenha um crescimento menor por conta disso, a base de compara\u00e7\u00e3o j\u00e1 n\u00e3o \u00e9 t\u00e3o baixa mais\u201d, observou, em entrevista \u00e0 Ag\u00eancia Brasil.<\/p>\n<p><strong>Proje\u00e7\u00f5es<\/strong><\/p>\n<p>De acordo com o Ipea, o PIB (Produto Interno Bruto) agropecu\u00e1rio pode registrar crescimento de 2,3% em 2020 e de 1,5% para 2021. J\u00e1 a ind\u00fastria, com queda de 3,5% agora, pode ter de alta de 5% no pr\u00f3ximo ano. O PIB dos servi\u00e7os, que dever\u00e1 cair 4,7% em 2020, tem perspectiva de expans\u00e3o de 3,8% no ano que vem. As previs\u00f5es levam em conta a expectativa de imuniza\u00e7\u00e3o em massa da popula\u00e7\u00e3o contra a covid-19.<\/p>\n<p>Conforme a avalia\u00e7\u00e3o do Ipea, desde setembro a economia brasileira tem se caracterizado por fortes contrastes neste ano. Enquanto a produ\u00e7\u00e3o e as vendas tiveram rea\u00e7\u00e3o surpreendente aos reflexos da pandemia, se observou uma recupera\u00e7\u00e3o desigual entre setores, com a ind\u00fastria e o com\u00e9rcio em n\u00edveis m\u00e9dios acima do per\u00edodo pr\u00e9-crise e os servi\u00e7os ainda significativamente abaixo.<\/p>\n<p>A volta do aumento no n\u00famero de casos de covid-19 \u00e9 mais um fator de risco para a continuidade do processo de recupera\u00e7\u00e3o econ\u00f4mica. A avalia\u00e7\u00e3o \u00e9 que a evolu\u00e7\u00e3o da crise sanit\u00e1ria pode levar alguns estados ou munic\u00edpios a retomarem medidas de restri\u00e7\u00e3o a certas atividades econ\u00f4micas e sociais, o que resultar\u00e1 na desacelera\u00e7\u00e3o da retomada em alguns segmentos, notadamente no setor de servi\u00e7os.<\/p>\n<p><em>\u201cO recrudescimento da pandemia coloca um risco maior, especialmente, para o in\u00edcio do ano que vem para a ind\u00fastria e os servi\u00e7os, que t\u00eam indicadores conjunturais apontando para recupera\u00e7\u00e3o\u201d, afirmou o economista.<\/em><\/p>\n<p><strong>Gastos<\/strong><\/p>\n<p>O desempenho da economia continua relacionado \u00e0 incerteza epidemiol\u00f3gica da covid-19 e ao risco fiscal em 2021. Segundo o economista, na esteira da crise sanit\u00e1ria houve um aumento muito forte de gastos, principalmente com transfer\u00eancia de renda. O pa\u00eds j\u00e1 atravessava situa\u00e7\u00e3o fr\u00e1gil em termos fiscais e com o gasto necess\u00e1rio para o combate da crise houve uma piora grande nos indicadores de endividamento do Brasil. O Ipea estimou crescimento de 3,8% no PIB de servi\u00e7os em 2021, levando em considera\u00e7\u00e3o o tratamento da quest\u00e3o fiscal j\u00e1 no in\u00edcio do ano que vem, fundamental para a retomada; e ainda o quadro de vacina\u00e7\u00e3o.<\/p>\n<p><em>\u201cObviamente ela [a retomada] depende desse tipo imuniza\u00e7\u00e3o porque v\u00e1rios setores est\u00e3o ainda com problemas para funcionar por conta dessas restri\u00e7\u00f5es espont\u00e2neas ou obrigatoriamente por causa da covid-19. Mesmo que se liberasse, v\u00e1rios setores teriam baixa demanda como est\u00e3o tendo hoje porque t\u00eam pessoas que n\u00e3o querem correr riscos. Turismo e lazer est\u00e3o sofrendo muito embora alguns estejam retomando aos poucos\u201d, ressaltou.<\/em><\/p>\n<p><strong>PIB<\/strong><\/p>\n<p>Para 2021, o Ipea estimou o crescimento do PIB em 4,0%, porque apesar do grau de incerteza, que ainda se mant\u00e9m alto, o resultado pode ser alcan\u00e7ado ao se considerar a retomada da consolida\u00e7\u00e3o fiscal. \u201cO c\u00e1lculo \u00e9 m\u00e9dia contra m\u00e9dia e a m\u00e9dia desse ano ficou muito baixa, porque o primeiro trimestre foi muito ruim. No segundo trimestre teve uma recupera\u00e7\u00e3o muito grande, mas termina o ano no n\u00edvel muito mais alto do que na medida. Mesmo que n\u00e3o tenha um crescimento enorme ao longo do ano que vem isso tende a dar uma m\u00e9dia contra m\u00e9dia em que a gente projeta em 4%, uma alta significativa que reduz a maior parte das perdas deste ano\u201d, disse Souza J\u00fanior.<\/p>\n<p>O PIB deve fechar em queda de 4,6% neste ano. Em setembro, a previs\u00e3o do Ipea era de recuo de 5% e para o ano que vem alta de 3,6%. \u201cA gente vai chegar em um n\u00edvel mais alto j\u00e1 no fim do ano, ent\u00e3o, isso melhora, o que a gente chama de carregamento estat\u00edstico, e vai ficar em um n\u00edvel melhor que o previsto anteriormente.\u201d<\/p>\n<p><strong>Infla\u00e7\u00e3o<\/strong><\/p>\n<p>O Grupo de Conjuntura do Ipea revisou a taxa de infla\u00e7\u00e3o de 3,5% para 4,4% em 2020. A expectativa \u00e9 que os pre\u00e7os dos servi\u00e7os encerrem o ano com alta de 2,0%. Para os pre\u00e7os monitorados a previs\u00e3o \u00e9 de varia\u00e7\u00e3o positiva de 2,5%, e os bens livres, exceto alimentos, de 2,6%. J\u00e1 em rela\u00e7\u00e3o a 2021, a proje\u00e7\u00e3o de infla\u00e7\u00e3o saiu de 3,3% para 3,4%.<\/p>\n<p>Fonte: Ag\u00eancia Brasil<\/p>\n","protected":false},"excerpt":{"rendered":"<p>Estimativa da atividade econ\u00f4mica no pa\u00eds \u00e9 do Ipea A produ\u00e7\u00e3o industrial deve crescer 1,8%, as vendas no com\u00e9rcio 1,7% e o volume de servi\u00e7os&#8230;<\/p>\n","protected":false},"author":1182,"featured_media":8172,"comment_status":"closed","ping_status":"closed","sticky":false,"template":"","format":"standard","meta":{"footnotes":""},"categories":[6],"tags":[61,170,463,3471,630,293],"class_list":["post-33088","post","type-post","status-publish","format-standard","has-post-thumbnail","hentry","category-noticias","tag-brasil","tag-crescimento","tag-inflacao","tag-ipea","tag-pesquisa","tag-pib"],"_links":{"self":[{"href":"https:\/\/www.sincomam.org.br\/index.php\/wp-json\/wp\/v2\/posts\/33088","targetHints":{"allow":["GET"]}}],"collection":[{"href":"https:\/\/www.sincomam.org.br\/index.php\/wp-json\/wp\/v2\/posts"}],"about":[{"href":"https:\/\/www.sincomam.org.br\/index.php\/wp-json\/wp\/v2\/types\/post"}],"author":[{"embeddable":true,"href":"https:\/\/www.sincomam.org.br\/index.php\/wp-json\/wp\/v2\/users\/1182"}],"replies":[{"embeddable":true,"href":"https:\/\/www.sincomam.org.br\/index.php\/wp-json\/wp\/v2\/comments?post=33088"}],"version-history":[{"count":1,"href":"https:\/\/www.sincomam.org.br\/index.php\/wp-json\/wp\/v2\/posts\/33088\/revisions"}],"predecessor-version":[{"id":33089,"href":"https:\/\/www.sincomam.org.br\/index.php\/wp-json\/wp\/v2\/posts\/33088\/revisions\/33089"}],"wp:featuredmedia":[{"embeddable":true,"href":"https:\/\/www.sincomam.org.br\/index.php\/wp-json\/wp\/v2\/media\/8172"}],"wp:attachment":[{"href":"https:\/\/www.sincomam.org.br\/index.php\/wp-json\/wp\/v2\/media?parent=33088"}],"wp:term":[{"taxonomy":"category","embeddable":true,"href":"https:\/\/www.sincomam.org.br\/index.php\/wp-json\/wp\/v2\/categories?post=33088"},{"taxonomy":"post_tag","embeddable":true,"href":"https:\/\/www.sincomam.org.br\/index.php\/wp-json\/wp\/v2\/tags?post=33088"}],"curies":[{"name":"wp","href":"https:\/\/api.w.org\/{rel}","templated":true}]}}